{"id":6558,"date":"2024-05-31T07:50:15","date_gmt":"2024-05-31T03:50:15","guid":{"rendered":"https:\/\/urpspharma.re\/?p=6558"},"modified":"2024-05-31T07:50:16","modified_gmt":"2024-05-31T03:50:16","slug":"journee-mondiale-sans-tabac-2","status":"publish","type":"post","link":"https:\/\/urpspharma.re\/?p=6558","title":{"rendered":"Journ\u00e9e mondiale sans tabac\u00a0"},"content":{"rendered":"\n<h2 class=\"wp-block-heading has-very-light-gray-to-cyan-bluish-gray-gradient-background has-background\">Vendredi 31 mai 2024<\/h2>\n\n\n\n<h1 class=\"wp-block-heading has-text-align-center\"><strong>Demandez conseil \u00e0 votre pharmacien !\u00a0<\/strong><\/h1>\n\n\n<div><span style=\"font-size: revert; color: initial;\">Ce th\u00e8me de la Journ\u00e9e mondiale sans tabac 2024 est un plaidoyer pour que l\u2019on arr\u00eate de cibler la jeunesse avec des produits du tabac nocifs. Les jeunes, les d\u00e9cideurs politiques et les d\u00e9fenseurs de la lutte antitabac du monde entier se voient ainsi proposer un forum pour discuter de ce probl\u00e8me et exhorter les pouvoirs publics \u00e0 adopter des politiques qui prot\u00e8gent les jeunes contre les pratiques manipulatrices de l\u2019industrie du tabac et des industries connexes.<\/span><\/div>\n<div>\n<h3 style=\"text-align: center;\">&#8220;Prot\u00e9ger les enfants de l\u2019ing\u00e9rence de l\u2019industrie du tabac&#8221;<\/h3>\n<\/div>\n\n\n<div class=\"wp-block-media-text is-stacked-on-mobile\" style=\"grid-template-columns:54% auto\"><figure class=\"wp-block-media-text__media\"><img loading=\"lazy\" decoding=\"async\" width=\"724\" height=\"1024\" src=\"https:\/\/urpspharma.re\/wp-content\/uploads\/2024\/05\/VF_2024URPSjournee-mondialesanstabac-724x1024.png\" alt=\"\" class=\"wp-image-6553 size-full\" srcset=\"https:\/\/urpspharma.re\/wp-content\/uploads\/2024\/05\/VF_2024URPSjournee-mondialesanstabac-724x1024.png 724w, https:\/\/urpspharma.re\/wp-content\/uploads\/2024\/05\/VF_2024URPSjournee-mondialesanstabac-212x300.png 212w, https:\/\/urpspharma.re\/wp-content\/uploads\/2024\/05\/VF_2024URPSjournee-mondialesanstabac-768x1086.png 768w, https:\/\/urpspharma.re\/wp-content\/uploads\/2024\/05\/VF_2024URPSjournee-mondialesanstabac-1086x1536.png 1086w, https:\/\/urpspharma.re\/wp-content\/uploads\/2024\/05\/VF_2024URPSjournee-mondialesanstabac-1448x2048.png 1448w, https:\/\/urpspharma.re\/wp-content\/uploads\/2024\/05\/VF_2024URPSjournee-mondialesanstabac.png 1587w\" sizes=\"(max-width: 724px) 100vw, 724px\" \/><\/figure><div class=\"wp-block-media-text__content\">\n<p><\/p>\n\n\n\n<p><\/p>\n\n\n\n<p><\/p>\n\n\n\n<p>Pour en savoir plus sur cette journ\u00e9e<br>&gt;&gt;&nbsp;<a href=\"https:\/\/www.who.int\/europe\/fr\/news-room\/events\/item\/2024\/05\/31\/default-calendar\/world-no-tobacco-day-2024--protecting-children-from-tobacco-industry-interference\" target=\"_blank\" rel=\"noreferrer noopener\">site de l\u2019OMS&nbsp;<\/a><\/p>\n<\/div><\/div>\n","protected":false},"excerpt":{"rendered":"<p>Vendredi 31 mai 2024 Demandez conseil \u00e0 votre pharmacien !\u00a0 Ce th\u00e8me de la Journ\u00e9e mondiale sans tabac 2024 est un plaidoyer pour que l\u2019on arr\u00eate de cibler la jeunesse avec des produits du tabac nocifs. Les jeunes, les d\u00e9cideurs politiques et les d\u00e9fenseurs de la lutte antitabac du monde entier se voient ainsi proposer&hellip;<\/p>\n","protected":false},"author":3,"featured_media":6553,"comment_status":"open","ping_status":"open","sticky":false,"template":"","format":"standard","meta":{"footnotes":""},"categories":[183],"tags":[779,239,778],"amp_enabled":true,"_links":{"self":[{"href":"https:\/\/urpspharma.re\/index.php?rest_route=\/wp\/v2\/posts\/6558"}],"collection":[{"href":"https:\/\/urpspharma.re\/index.php?rest_route=\/wp\/v2\/posts"}],"about":[{"href":"https:\/\/urpspharma.re\/index.php?rest_route=\/wp\/v2\/types\/post"}],"author":[{"embeddable":true,"href":"https:\/\/urpspharma.re\/index.php?rest_route=\/wp\/v2\/users\/3"}],"replies":[{"embeddable":true,"href":"https:\/\/urpspharma.re\/index.php?rest_route=%2Fwp%2Fv2%2Fcomments&post=6558"}],"version-history":[{"count":1,"href":"https:\/\/urpspharma.re\/index.php?rest_route=\/wp\/v2\/posts\/6558\/revisions"}],"predecessor-version":[{"id":6559,"href":"https:\/\/urpspharma.re\/index.php?rest_route=\/wp\/v2\/posts\/6558\/revisions\/6559"}],"wp:featuredmedia":[{"embeddable":true,"href":"https:\/\/urpspharma.re\/index.php?rest_route=\/wp\/v2\/media\/6553"}],"wp:attachment":[{"href":"https:\/\/urpspharma.re\/index.php?rest_route=%2Fwp%2Fv2%2Fmedia&parent=6558"}],"wp:term":[{"taxonomy":"category","embeddable":true,"href":"https:\/\/urpspharma.re\/index.php?rest_route=%2Fwp%2Fv2%2Fcategories&post=6558"},{"taxonomy":"post_tag","embeddable":true,"href":"https:\/\/urpspharma.re\/index.php?rest_route=%2Fwp%2Fv2%2Ftags&post=6558"}],"curies":[{"name":"wp","href":"https:\/\/api.w.org\/{rel}","templated":true}]}}