{"id":6579,"date":"2024-05-31T11:17:39","date_gmt":"2024-05-31T07:17:39","guid":{"rendered":"https:\/\/urpspharma.re\/?p=6579"},"modified":"2024-05-31T11:17:41","modified_gmt":"2024-05-31T07:17:41","slug":"webinaire-le-tabagisme-passif-pourquoi-ca-nous-concerne-tous","status":"publish","type":"post","link":"https:\/\/urpspharma.re\/?p=6579","title":{"rendered":"[WEBINAIRE] Le tabagisme passif, pourquoi \u00e7a nous concerne tous ?"},"content":{"rendered":"\n<h2 class=\"wp-block-heading has-very-light-gray-to-cyan-bluish-gray-gradient-background has-background\">Mercredi 05 juin 2024 de 11h \u00e0 12h00<\/h2>\n\n\n<div>\u00a0<\/div>\n<div>\n<p>L\u2019association des tabacologues de La R\u00e9union et Promotion Sant\u00e9 La R\u00e9union ont le plaisir de vous inviter \u00e0 participer \u00e0 ce webinaire,\u00a0<strong>en pr\u00e9sence du Dr Olivier Galera, m\u00e9decin tabacologue.<\/strong><\/p>\n<p>Cette \u00e9dition aura pour th\u00e8me :\u00a0\u00ab\u00a0<strong>le tabagisme passif, pourquoi \u00e7a nous concerne tous ?<\/strong>\u00a0\u00bb\u00a0<\/p>\n<\/div>\n\n\n<div class=\"wp-block-media-text is-stacked-on-mobile\" style=\"grid-template-columns:46% auto\"><figure class=\"wp-block-media-text__media\"><img loading=\"lazy\" decoding=\"async\" width=\"1024\" height=\"724\" src=\"https:\/\/urpspharma.re\/wp-content\/uploads\/2024\/05\/05-06-24-Webinaire-TBLS-tabagisme-passif-1536x1086-1-1024x724.jpg\" alt=\"\" class=\"wp-image-6580 size-full\" srcset=\"https:\/\/urpspharma.re\/wp-content\/uploads\/2024\/05\/05-06-24-Webinaire-TBLS-tabagisme-passif-1536x1086-1-1024x724.jpg 1024w, https:\/\/urpspharma.re\/wp-content\/uploads\/2024\/05\/05-06-24-Webinaire-TBLS-tabagisme-passif-1536x1086-1-300x212.jpg 300w, https:\/\/urpspharma.re\/wp-content\/uploads\/2024\/05\/05-06-24-Webinaire-TBLS-tabagisme-passif-1536x1086-1-768x543.jpg 768w, https:\/\/urpspharma.re\/wp-content\/uploads\/2024\/05\/05-06-24-Webinaire-TBLS-tabagisme-passif-1536x1086-1.jpg 1536w\" sizes=\"(max-width: 1024px) 100vw, 1024px\" \/><\/figure><div class=\"wp-block-media-text__content\">\n<p><\/p>\n\n\n\n<div class=\"wp-block-buttons is-layout-flex wp-block-buttons-is-layout-flex\">\n<div class=\"wp-block-button has-custom-width wp-block-button__width-100\"><a class=\"wp-block-button__link wp-element-button\" href=\"https:\/\/app.livestorm.co\/promotion-sante-la-reunion\/tienbolargsare-le-tabagisme-passif-pourquoi-ca-nous-concerne-tous?type=detailed\" target=\"_blank\" rel=\"noreferrer noopener\">>> Inscription ICI<\/a><\/div>\n<\/div>\n\n\n\n<figure class=\"wp-block-table\"><table><tbody><tr><td>Vous n\u2019\u00eates pas disponible pour le direct\u202f?&nbsp;&nbsp;<br><strong><a href=\"https:\/\/app.livestorm.co\/promotion-sante-la-reunion\/tienbolargsare-le-tabagisme-passif-pourquoi-ca-nous-concerne-tous?type=detailed\" target=\"_blank\" rel=\"noreferrer noopener\">Inscrivez-vous<\/a>&nbsp;pour\u202frecevoir le REPLAY.&nbsp;<\/strong><\/td><\/tr><\/tbody><\/table><\/figure>\n\n\n\n<p><\/p>\n<\/div><\/div>\n","protected":false},"excerpt":{"rendered":"<p>Mercredi 05 juin 2024 de 11h \u00e0 12h00 \u00a0 L\u2019association des tabacologues de La R\u00e9union et Promotion Sant\u00e9 La R\u00e9union ont le plaisir de vous inviter \u00e0 participer \u00e0 ce webinaire,\u00a0en pr\u00e9sence du Dr Olivier Galera, m\u00e9decin tabacologue. Cette \u00e9dition aura pour th\u00e8me :\u00a0\u00ab\u00a0le tabagisme passif, pourquoi \u00e7a nous concerne tous ?\u00a0\u00bb\u00a0<\/p>\n","protected":false},"author":3,"featured_media":6580,"comment_status":"open","ping_status":"open","sticky":false,"template":"","format":"standard","meta":{"footnotes":""},"categories":[182],"tags":[783,239,426],"amp_enabled":true,"_links":{"self":[{"href":"https:\/\/urpspharma.re\/index.php?rest_route=\/wp\/v2\/posts\/6579"}],"collection":[{"href":"https:\/\/urpspharma.re\/index.php?rest_route=\/wp\/v2\/posts"}],"about":[{"href":"https:\/\/urpspharma.re\/index.php?rest_route=\/wp\/v2\/types\/post"}],"author":[{"embeddable":true,"href":"https:\/\/urpspharma.re\/index.php?rest_route=\/wp\/v2\/users\/3"}],"replies":[{"embeddable":true,"href":"https:\/\/urpspharma.re\/index.php?rest_route=%2Fwp%2Fv2%2Fcomments&post=6579"}],"version-history":[{"count":1,"href":"https:\/\/urpspharma.re\/index.php?rest_route=\/wp\/v2\/posts\/6579\/revisions"}],"predecessor-version":[{"id":6581,"href":"https:\/\/urpspharma.re\/index.php?rest_route=\/wp\/v2\/posts\/6579\/revisions\/6581"}],"wp:featuredmedia":[{"embeddable":true,"href":"https:\/\/urpspharma.re\/index.php?rest_route=\/wp\/v2\/media\/6580"}],"wp:attachment":[{"href":"https:\/\/urpspharma.re\/index.php?rest_route=%2Fwp%2Fv2%2Fmedia&parent=6579"}],"wp:term":[{"taxonomy":"category","embeddable":true,"href":"https:\/\/urpspharma.re\/index.php?rest_route=%2Fwp%2Fv2%2Fcategories&post=6579"},{"taxonomy":"post_tag","embeddable":true,"href":"https:\/\/urpspharma.re\/index.php?rest_route=%2Fwp%2Fv2%2Ftags&post=6579"}],"curies":[{"name":"wp","href":"https:\/\/api.w.org\/{rel}","templated":true}]}}