{"id":6586,"date":"2024-06-03T07:37:00","date_gmt":"2024-06-03T03:37:00","guid":{"rendered":"https:\/\/urpspharma.re\/?p=6586"},"modified":"2024-06-07T11:03:20","modified_gmt":"2024-06-07T07:03:20","slug":"semaine-nationale-de-la-sante-sexuelle-consentement-et-violences-sexuelles","status":"publish","type":"post","link":"https:\/\/urpspharma.re\/?p=6586","title":{"rendered":"Semaine nationale de la sant\u00e9 sexuelle : Consentement et Violences Sexuelles"},"content":{"rendered":"\n<h2 class=\"wp-block-heading has-very-light-gray-to-cyan-bluish-gray-gradient-background has-background\">Du 03 au 09 juin 2024<\/h2>\n\n\n\n<p><\/p>\n\n\n\n<div class=\"wp-block-media-text has-media-on-the-right is-stacked-on-mobile\" style=\"grid-template-columns:auto 39%\"><div class=\"wp-block-media-text__content\">\n<div class=\"wp-block-buttons is-layout-flex wp-block-buttons-is-layout-flex\"><\/div>\n\n\n\n<p>Sous l&#8217;impulsion du minist\u00e8re de la Sant\u00e9 et de la Pr\u00e9vention, la Semaine Nationale de la Sant\u00e9<br>Sexuelle se d\u00e9roulera partout en France du 3 au 9 juin 2024. Cet \u00e9v\u00e9nement vise \u00e0 mettre en<br>lumi\u00e8re des sujets essentiels tels que la contraception, les infections sexuellement transmissibles<br>(IST) et le consentement. \u00c0 La R\u00e9union, la 3\u00e8me \u00e9dition, organis\u00e9e par le collectif CARESS 974,<br>avec le soutien de l\u2019ARS La R\u00e9union, sera centr\u00e9e sur le consentement, dans une perspective de<br>lutte contre les violences dans les relations de couple. Pour sensibiliser et informer l\u2019ensemble des<br>r\u00e9unionnais, une campagne de communication intitul\u00e9e \u00ab Kan mi di non, c\u2019est Non ! \u00bb est lanc\u00e9e<br>et de nombreux \u00e9v\u00e9nements sont organis\u00e9s sur toute l\u2019\u00eele.<\/p>\n\n\n\n<p><\/p>\n<\/div><figure class=\"wp-block-media-text__media\"><img loading=\"lazy\" decoding=\"async\" width=\"1024\" height=\"1024\" src=\"https:\/\/urpspharma.re\/wp-content\/uploads\/2024\/06\/CARESS-974-LOGO-PARTENAIRES-1024x1024.jpg\" alt=\"\" class=\"wp-image-6593 size-full\" srcset=\"https:\/\/urpspharma.re\/wp-content\/uploads\/2024\/06\/CARESS-974-LOGO-PARTENAIRES-1024x1024.jpg 1024w, https:\/\/urpspharma.re\/wp-content\/uploads\/2024\/06\/CARESS-974-LOGO-PARTENAIRES-300x300.jpg 300w, https:\/\/urpspharma.re\/wp-content\/uploads\/2024\/06\/CARESS-974-LOGO-PARTENAIRES-150x150.jpg 150w, https:\/\/urpspharma.re\/wp-content\/uploads\/2024\/06\/CARESS-974-LOGO-PARTENAIRES-768x768.jpg 768w, https:\/\/urpspharma.re\/wp-content\/uploads\/2024\/06\/CARESS-974-LOGO-PARTENAIRES.jpg 1201w\" sizes=\"(max-width: 1024px) 100vw, 1024px\" \/><\/figure><\/div>\n\n\n\n<div class=\"wp-block-media-text is-stacked-on-mobile\" style=\"grid-template-columns:46% auto\"><figure class=\"wp-block-media-text__media\"><img loading=\"lazy\" decoding=\"async\" width=\"482\" height=\"331\" src=\"https:\/\/urpspharma.re\/wp-content\/uploads\/2024\/06\/COREVIH2024.png\" alt=\"\" class=\"wp-image-6588 size-full\" srcset=\"https:\/\/urpspharma.re\/wp-content\/uploads\/2024\/06\/COREVIH2024.png 482w, https:\/\/urpspharma.re\/wp-content\/uploads\/2024\/06\/COREVIH2024-300x206.png 300w\" sizes=\"(max-width: 482px) 100vw, 482px\" \/><\/figure><div class=\"wp-block-media-text__content\">\n<div class=\"wp-block-buttons is-layout-flex wp-block-buttons-is-layout-flex\">\n<div class=\"wp-block-button has-custom-width wp-block-button__width-100\"><a class=\"wp-block-button__link wp-element-button\" href=\"https:\/\/www.corevih.re\/actualite\/semaine-de-sante-sexuelle-du-3-au-9-juin-consentement-et-violence-sexuelles\/\" target=\"_blank\" rel=\"noreferrer noopener\">>> Communiqu\u00e9 de presse ICI<\/a><\/div>\n<\/div>\n\n\n\n<p><\/p>\n\n\n\n<figure class=\"wp-block-table\"><table><tbody><tr><td>Retrouver toutes les informations sur les sites<br>>> <a href=\"https:\/\/www.lareunion.ars.sante.fr\/consentement-et-violences-sexuelles-au-coeur-de-la-semaine-nationale-de-prevention-pour-la-sante-0\" data-type=\"link\" data-id=\"https:\/\/www.lareunion.ars.sante.fr\/consentement-et-violences-sexuelles-au-coeur-de-la-semaine-nationale-de-prevention-pour-la-sante-0\" target=\"_blank\" rel=\"noreferrer noopener\">ARS La R\u00e9union<\/a><br>>> <a href=\"https:\/\/www.ameli.fr\/la-reunion\/assure\/actualites\/semaine-nationale-de-la-sante-sexuelle-prevention-et-acces-la-contraception\" data-type=\"link\" data-id=\"https:\/\/www.ameli.fr\/la-reunion\/assure\/actualites\/semaine-nationale-de-la-sante-sexuelle-prevention-et-acces-la-contraception\" target=\"_blank\" rel=\"noreferrer noopener\">Ameli.fr<\/a><\/td><\/tr><\/tbody><\/table><\/figure>\n\n\n\n<p><\/p>\n<\/div><\/div>\n\n\n\n<p class=\"has-medium-font-size\"><strong>Programme des actions \u00e0 La R\u00e9union<\/strong><\/p>\n\n\n\n<p><strong>Dimanche 2 juin<\/strong><\/p>\n\n\n\n<ul>\n<li>Camping de l\u2019\u00c9tang Sal\u00e9 (9h \u00e0 16h) : Centre de sant\u00e9 sexuelle avec le CeGIDD Gyn\u00e9cologique Sud et<br>le Lion\u2019s Club<br><strong>Lundi 3 juin<\/strong><\/li>\n\n\n\n<li>Atrium du CHU F\u00e9lix Guyon, Saint-Denis (8h \u00e0 16h) : Stand de pr\u00e9vention par le CeGIDD Nord-Est<br>et l\u2019association RIVE<\/li>\n\n\n\n<li>Saint-Denis (8h \u00e0 15h30) : Journ\u00e9e portes ouvertes par l\u2019association RIVE<\/li>\n\n\n\n<li>Permanence du Planning Familial 13 D Chemin des Mangues-Carottes &#8211; Saint-Louis (9h \u00e0 16h) :<br>Action de sensibilisation<br><strong>Mardi 4 juin<\/strong><\/li>\n\n\n\n<li>Gare routi\u00e8re de Saint-Pierre (9h \u00e0 16h) : Stand d\u2019information et de pr\u00e9vention par ASETIS et<br>CeGIDD Gyn\u00e9cologique Sud<\/li>\n\n\n\n<li>Permanence du Planning Familial 13 D Chemin des Mangues-Carottes &#8211; Saint-Louis (9h \u00e0 16h) :<br>Action de sensibilisation<br><strong>Mercredi 5 juin<\/strong><\/li>\n\n\n\n<li>Rue Mar\u00e9chal Leclerc, Saint-Denis (9h \u00e0 15h) : Stand d\u2019information et de pr\u00e9vention par le CeGIDD<br>Nord-Est, l\u2019association RIVE, et l\u2019ARPSH<\/li>\n\n\n\n<li>CeGIDD Ouest : disponible sur rendez-vous de 8h30 \u00e0 17h pour r\u00e9pondre aux questions sur la<br>th\u00e9matique (0262 74 23 80)<br><strong>Jeudi 6 juin<\/strong><\/li>\n\n\n\n<li>Groupe Hospitalier Est R\u00e9union, Saint-Beno\u00eet (9h \u00e0 15h) : Stand d\u2019information et de pr\u00e9vention par<br>le CeGIDD Nord-Est et l\u2019ARPSH<\/li>\n\n\n\n<li>CSAPA de Saint-Paul (9h30 \u00e0 12h30) : Stand de d\u00e9pistage et de pr\u00e9vention par le r\u00e9seau OTE<\/li>\n\n\n\n<li>Permanence du Planning Familial 13 D Chemin des Mangues-Carottes &#8211; Saint-Louis (9h \u00e0 16h) :<br>Action de sensibilisation<br><strong>Vendredi 7 juin<\/strong><\/li>\n\n\n\n<li>Saint-Beno\u00eet (12h \u00e0 17h) : Village Sant\u00e9 par le CeGIDD Nord-Est, l\u2019association RIVE, et l\u2019ARPSH<\/li>\n\n\n\n<li>Centre commercial Leclerc de la Ravine des Cabris (9h \u00e0 12h) : Stand d\u2019information et de pr\u00e9vention par ASETIS et CeGIDD<\/li>\n\n\n\n<li>Permanence du Planning Familial 13 D Chemin des Mangues-Carottes &#8211; Saint-Louis (9h \u00e0 16h) :<br>Action de sensibilisation<br><strong>Samedi 8 juin<\/strong><\/li>\n\n\n\n<li>CeGIDD Ouest : 29 rue Labourdonnais &#8211; Saint-Paul, Ouverture sur rendez-vous de 9h \u00e0 12h (0262 74<\/li>\n\n\n\n<li>23 80)<\/li>\n<\/ul>\n\n\n\n<p>Les structures restent ouvertes durant cette semaine et se tiennent \u00e0 disposition du public pour toutes informations ou rencontre (appeler avant) : CEGIDD NORD EST : T\u00e9l : 0262 90 55 69, CHU F\u00e9lix Guyon &#8211; Saint-Denis : du lundi au vendredi : 8h30 &#8211; 16h45, fermeture les mardis apr\u00e8s-midi d\u00e8s 13 h (AES et urgences re\u00e7us), les 1ers et 3\u00e8mes samedis du mois de 8h30-12h30, Au GHER jeudi 10h-15h (en Orthog\u00e9nie)<\/p>\n\n\n\n<p><br><strong>CEPS (CeGIDD Ouest) :<\/strong><br>T\u00e9l. : 0262 74 23 80 : 29 rue Labourdonnais &#8211; Saint-Paul : sur RDV Lundi, mercredi, vendredi : 8h30 &#8211; 17h \/ Mardi, jeudi : 8h30 &#8211; 16h (les RDV sont possibles les jours m\u00eames)<\/p>\n\n\n\n<p><br><strong>CeGIDD Sud :<\/strong><br>T\u00e9l : 0262 35 96 10, CHU GHSR &#8211; Saint-Pierre CHU GHSR face au gymnase Nelson Mandela, Pavillon 3 Saint-Pierre : sans RDV Lundi, mardi, mercredi, vendredi : 8h-17h \/ jeudi : 8h-12h (AES re\u00e7us les apr\u00e8s-midi)<\/p>\n\n\n\n<p><br><strong>Associations ARPSH :<\/strong><br>T\u00e9l. : 0262 21 88 77, Adresse : 11 bis rue Saint-Jacques &#8211; Saint-Denis<br>Permanence d\u2019accueil pour les d\u00e9pistages Lundi &#8211; vendredi : de 11h &#8211; 18h<br>1 vendredi sur 2 de 11h00 \u00e0 22h00 lors des permanences nocturnes<br><\/p>\n\n\n\n<p><strong>ASETIS :<\/strong><br>T\u00e9l : 0262 25 80 81 ; Adresse : 121 Chemin Casabona &#8211; Saint-Pierre<br>Permanence d\u2019accueil pour les d\u00e9pistages Lundi au vendredi : 9h &#8211; 16h<br><\/p>\n\n\n\n<p><strong>Le Planning Familial 974 :<\/strong><br>T\u00e9l. : 0800 08 11 11 \/0692 87 36 71 ; Adresse : 13 D Chemin des Mangues-Carottes &#8211; Saint-Louis<br>Permanence d\u2019accueil pour les d\u00e9pistages Lundi au vendredi : 8h &#8211; 16h, sur RDV le mercredi<br><\/p>\n\n\n\n<p><strong>Rive :<\/strong><br>T\u00e9l : 0262 20 28 56 ; Adresse : 21 rue Malartic &#8211; Saint-Denis<br>Accueil pour les d\u00e9pistages uniquement sur RDV au 0692.82.13.38 ou 0262.20.28.56<\/p>\n","protected":false},"excerpt":{"rendered":"<p>Du 03 au 09 juin 2024 Programme des actions \u00e0 La R\u00e9union Dimanche 2 juin Les structures restent ouvertes durant cette semaine et se tiennent \u00e0 disposition du public pour toutes informations ou rencontre (appeler avant) : CEGIDD NORD EST : T\u00e9l : 0262 90 55 69, CHU F\u00e9lix Guyon &#8211; Saint-Denis : du lundi&hellip;<\/p>\n","protected":false},"author":3,"featured_media":6587,"comment_status":"open","ping_status":"open","sticky":false,"template":"","format":"standard","meta":{"footnotes":""},"categories":[182,183],"tags":[785,239],"amp_enabled":true,"_links":{"self":[{"href":"https:\/\/urpspharma.re\/index.php?rest_route=\/wp\/v2\/posts\/6586"}],"collection":[{"href":"https:\/\/urpspharma.re\/index.php?rest_route=\/wp\/v2\/posts"}],"about":[{"href":"https:\/\/urpspharma.re\/index.php?rest_route=\/wp\/v2\/types\/post"}],"author":[{"embeddable":true,"href":"https:\/\/urpspharma.re\/index.php?rest_route=\/wp\/v2\/users\/3"}],"replies":[{"embeddable":true,"href":"https:\/\/urpspharma.re\/index.php?rest_route=%2Fwp%2Fv2%2Fcomments&post=6586"}],"version-history":[{"count":4,"href":"https:\/\/urpspharma.re\/index.php?rest_route=\/wp\/v2\/posts\/6586\/revisions"}],"predecessor-version":[{"id":6594,"href":"https:\/\/urpspharma.re\/index.php?rest_route=\/wp\/v2\/posts\/6586\/revisions\/6594"}],"wp:featuredmedia":[{"embeddable":true,"href":"https:\/\/urpspharma.re\/index.php?rest_route=\/wp\/v2\/media\/6587"}],"wp:attachment":[{"href":"https:\/\/urpspharma.re\/index.php?rest_route=%2Fwp%2Fv2%2Fmedia&parent=6586"}],"wp:term":[{"taxonomy":"category","embeddable":true,"href":"https:\/\/urpspharma.re\/index.php?rest_route=%2Fwp%2Fv2%2Fcategories&post=6586"},{"taxonomy":"post_tag","embeddable":true,"href":"https:\/\/urpspharma.re\/index.php?rest_route=%2Fwp%2Fv2%2Ftags&post=6586"}],"curies":[{"name":"wp","href":"https:\/\/api.w.org\/{rel}","templated":true}]}}