{"id":6686,"date":"2024-09-30T10:46:12","date_gmt":"2024-09-30T06:46:12","guid":{"rendered":"https:\/\/urpspharma.re\/?p=6686"},"modified":"2024-10-04T10:56:05","modified_gmt":"2024-10-04T06:56:05","slug":"cpts-reso-mardi-1er-octobre-2024-reunion-de-concertation-pluri-institutionnelle","status":"publish","type":"post","link":"https:\/\/urpspharma.re\/?p=6686","title":{"rendered":"CPTS R\u00e9SO : Mardi 1er octobre 2024 &#8211; R\u00e9union de Concertation Pluri Institutionnelle\u00a0"},"content":{"rendered":"\n<h2 class=\"wp-block-heading has-very-light-gray-to-cyan-bluish-gray-gradient-background has-background\">Mardi 1er octobre 2024 de 12h00 \u00e0 14h00 <\/h2>\n\n\n\n<h1 class=\"wp-block-heading has-text-align-center\">Deuxi\u00e8me\u00a0R\u00e9union de Concertation Pluri Institutionnelle de l\u2019ann\u00e9e 2024<\/h1>\n\n\n\n<p>La CPTS RESO organise\u00a0<strong>sa deuxi\u00e8me\u00a0R\u00e9union de Concertation Pluri Institutionnelle de l\u2019ann\u00e9e 2024<\/strong>\u00a0en collaboration avec le DAC La R\u00e9union, le <strong>Mardi<\/strong>\u00a0<strong>1er octobre de 12h \u00e0 14h\u00a0<\/strong>(d\u00e9jeuner offert),\u00a0dans les locaux de la\u00a0<strong>M\u00e9diath\u00e8que Baguett&#8217; Rue Waldeck Rousseau 97436 Saint-Leu<\/strong>, pr\u00e8s de la mairie.<\/p>\n\n\n\n<p>L\u2019objectif de cette r\u00e9union est de&nbsp;<strong>r\u00e9fl\u00e9chir ensemble et de trouver des solutions<\/strong>, avec les partenaires,&nbsp;<strong>pour deux ou trois situations complexes qui mettent en difficult\u00e9 l&#8217;accompagnement par les professionnels.<\/strong><br>&nbsp;<\/p>\n\n\n\n<p>Le public concern\u00e9 :&nbsp;Personnes \u00e2g\u00e9es de soixante-cinq ans et plus, r\u00e9sidant sur la commune de Saint-Leu ou alentours et pour lesquelles vous rencontrez des difficult\u00e9s dans le maintien \u00e0 domicile.<\/p>\n\n\n\n<p>Les places sont limit\u00e9es (20 personnes maximum), merci de&nbsp;<strong>confirmer votre pr\u00e9sence d\u00e8s que possible \u00e0&nbsp;Mme FOURCART Nathalie&nbsp;<\/strong><a href=\"mailto:n.fourcart@dac-lareunion.re\" target=\"_blank\" rel=\"noreferrer noopener\"><strong>n.fourcart@dac-lareunion.re<\/strong><\/a><strong>&nbsp;&#8211; 0692.30.57.96.&nbsp;<\/strong><\/p>\n\n\n\n<p><strong>Si vous souhaitez pr\u00e9senter une situation, merci \u00e9galement de lui indiquer les coordonn\u00e9es (nom, pr\u00e9nom, date de naissance) par t\u00e9l\u00e9phone ou par mail.<\/strong><\/p>\n\n\n\n<p>En premi\u00e8re partie de la r\u00e9union,<strong>\u00a0Madame PECOT Sandrine, responsable des Soins Infirmiers \u00e0 l&#8217;ARAR<\/strong>\u00a0viendra nous pr\u00e9senter les modalit\u00e9s d&#8217;une hospitalisation \u00e0 domicile et les derni\u00e8res actualit\u00e9s de son association.<\/p>\n\n\n\n<p>>>> Charte<\/p>\n\n\n<a href=\"https:\/\/urpspharma.re\/wp-content\/uploads\/2024\/10\/CharteRCPIOuest2024ETAPSante.pdf\" class=\"pdfemb-viewer\" style=\"\" data-width=\"max\" data-height=\"max\" data-toolbar=\"bottom\" data-toolbar-fixed=\"off\">CharteRCPIOuest2024ETAPSante<\/a>","protected":false},"excerpt":{"rendered":"<p>Mardi 1er octobre 2024 de 12h00 \u00e0 14h00 Deuxi\u00e8me\u00a0R\u00e9union de Concertation Pluri Institutionnelle de l\u2019ann\u00e9e 2024 La CPTS RESO organise\u00a0sa deuxi\u00e8me\u00a0R\u00e9union de Concertation Pluri Institutionnelle de l\u2019ann\u00e9e 2024\u00a0en collaboration avec le DAC La R\u00e9union, le Mardi\u00a01er octobre de 12h \u00e0 14h\u00a0(d\u00e9jeuner offert),\u00a0dans les locaux de la\u00a0M\u00e9diath\u00e8que Baguett&#8217; Rue Waldeck Rousseau 97436 Saint-Leu, pr\u00e8s de la&hellip;<\/p>\n","protected":false},"author":3,"featured_media":6567,"comment_status":"open","ping_status":"open","sticky":false,"template":"","format":"standard","meta":{"footnotes":""},"categories":[504,182],"tags":[576,239],"amp_enabled":true,"_links":{"self":[{"href":"https:\/\/urpspharma.re\/index.php?rest_route=\/wp\/v2\/posts\/6686"}],"collection":[{"href":"https:\/\/urpspharma.re\/index.php?rest_route=\/wp\/v2\/posts"}],"about":[{"href":"https:\/\/urpspharma.re\/index.php?rest_route=\/wp\/v2\/types\/post"}],"author":[{"embeddable":true,"href":"https:\/\/urpspharma.re\/index.php?rest_route=\/wp\/v2\/users\/3"}],"replies":[{"embeddable":true,"href":"https:\/\/urpspharma.re\/index.php?rest_route=%2Fwp%2Fv2%2Fcomments&post=6686"}],"version-history":[{"count":1,"href":"https:\/\/urpspharma.re\/index.php?rest_route=\/wp\/v2\/posts\/6686\/revisions"}],"predecessor-version":[{"id":6688,"href":"https:\/\/urpspharma.re\/index.php?rest_route=\/wp\/v2\/posts\/6686\/revisions\/6688"}],"wp:featuredmedia":[{"embeddable":true,"href":"https:\/\/urpspharma.re\/index.php?rest_route=\/wp\/v2\/media\/6567"}],"wp:attachment":[{"href":"https:\/\/urpspharma.re\/index.php?rest_route=%2Fwp%2Fv2%2Fmedia&parent=6686"}],"wp:term":[{"taxonomy":"category","embeddable":true,"href":"https:\/\/urpspharma.re\/index.php?rest_route=%2Fwp%2Fv2%2Fcategories&post=6686"},{"taxonomy":"post_tag","embeddable":true,"href":"https:\/\/urpspharma.re\/index.php?rest_route=%2Fwp%2Fv2%2Ftags&post=6686"}],"curies":[{"name":"wp","href":"https:\/\/api.w.org\/{rel}","templated":true}]}}