{"id":6694,"date":"2024-10-04T11:21:18","date_gmt":"2024-10-04T07:21:18","guid":{"rendered":"https:\/\/urpspharma.re\/?p=6694"},"modified":"2024-10-04T17:12:58","modified_gmt":"2024-10-04T13:12:58","slug":"urps-lundi-28-octobre-2024-soiree-lancement-du-moissanstabac-2024","status":"publish","type":"post","link":"https:\/\/urpspharma.re\/?p=6694","title":{"rendered":"URPS : Lundi 28 octobre 2024 &#8211; Soir\u00e9e lancement du #MoisSansTabac 2024"},"content":{"rendered":"\n<h2 class=\"wp-block-heading has-very-light-gray-to-cyan-bluish-gray-gradient-background has-background\">Lundi 28 octobre 2024 de\u00a0<strong>19h30 \u00e0 21h30<\/strong> &#8211; H\u00f4tel Le Ness<\/h2>\n\n\n\n<h1 class=\"wp-block-heading has-text-align-center\">Soir\u00e9e lancement du #MoisSansTabac 2024<\/h1>\n\n\n\n<p>Votre URPS a le plaisir de vous accueillir lors de la soir\u00e9e du lancement du #MoisSansTabac le lundi 28 octobre 2024 de 19h30 \u00e0 21h30 \u00e0 l&#8217;H\u00f4tel LE NESS \u00e0 la Saline Les Bains.<\/p>\n\n\n\n<p>Au programme :<\/p>\n\n\n\n<p>\u25baPr\u00e9sentation de l\u2019ambassadeur Mois Sans Tabac<\/p>\n\n\n\n<p>\u25baPr\u00e9sentation de l\u2019association des tabacologues<\/p>\n\n\n\n<p>\u25baR\u00e9sultats des \u00e9ditions pr\u00e9c\u00e9dentes<\/p>\n\n\n\n<p>\u25baPr\u00e9sentation de la campagne 2024&nbsp;et partage d\u2019outils comptoir<\/p>\n\n\n\n<p>\u25baCl\u00f4ture de la soir\u00e9e avec un cocktail dinatoire<\/p>\n\n\n\n<p>Nous comptons sur votre participation. N&#8217;h\u00e9sitez pas \u00e0 relayer cette information aupr\u00e8s de vos confr\u00e8res.<\/p>\n\n\n\n<p>Au plaisir de se retrouver!<\/p>\n\n\n\n<div class=\"wp-block-media-text has-media-on-the-right is-stacked-on-mobile\" style=\"grid-template-columns:auto 55%\"><div class=\"wp-block-media-text__content\">\n<div class=\"wp-block-buttons is-layout-flex wp-block-buttons-is-layout-flex\">\n<div class=\"wp-block-button\"><a class=\"wp-block-button__link wp-element-button\" href=\"https:\/\/docs.google.com\/forms\/d\/e\/1FAIpQLSdQoH7RYlcFTYbBMmXusrOQ4cPbK8JaUHxKdsGScnOZW0TWcw\/viewform\" target=\"_blank\" rel=\"noreferrer noopener\">&gt;&gt; Inscription ICI<\/a><\/div>\n<\/div>\n<\/div><figure class=\"wp-block-media-text__media\"><img loading=\"lazy\" decoding=\"async\" width=\"940\" height=\"788\" src=\"https:\/\/urpspharma.re\/wp-content\/uploads\/2024\/10\/VF_soiree-lancement_MoisSansTabac2024_281024.png\" alt=\"\" class=\"wp-image-6695 size-full\" srcset=\"https:\/\/urpspharma.re\/wp-content\/uploads\/2024\/10\/VF_soiree-lancement_MoisSansTabac2024_281024.png 940w, https:\/\/urpspharma.re\/wp-content\/uploads\/2024\/10\/VF_soiree-lancement_MoisSansTabac2024_281024-300x251.png 300w, https:\/\/urpspharma.re\/wp-content\/uploads\/2024\/10\/VF_soiree-lancement_MoisSansTabac2024_281024-768x644.png 768w\" sizes=\"(max-width: 940px) 100vw, 940px\" \/><\/figure><\/div>\n\n\n\n<div class=\"wp-block-group is-layout-constrained wp-block-group-is-layout-constrained\"><div class=\"wp-block-group__inner-container\">\n<figure class=\"wp-block-image size-thumbnail\"><img loading=\"lazy\" decoding=\"async\" width=\"150\" height=\"150\" src=\"https:\/\/urpspharma.re\/wp-content\/uploads\/2024\/10\/bit.ly_Soiree_281024_lancement_MoisSansTabac2024-150x150.png\" alt=\"\" class=\"wp-image-6698\" srcset=\"https:\/\/urpspharma.re\/wp-content\/uploads\/2024\/10\/bit.ly_Soiree_281024_lancement_MoisSansTabac2024-150x150.png 150w, https:\/\/urpspharma.re\/wp-content\/uploads\/2024\/10\/bit.ly_Soiree_281024_lancement_MoisSansTabac2024-300x300.png 300w, https:\/\/urpspharma.re\/wp-content\/uploads\/2024\/10\/bit.ly_Soiree_281024_lancement_MoisSansTabac2024-768x768.png 768w, https:\/\/urpspharma.re\/wp-content\/uploads\/2024\/10\/bit.ly_Soiree_281024_lancement_MoisSansTabac2024.png 848w\" sizes=\"(max-width: 150px) 100vw, 150px\" \/><\/figure>\n<\/div><\/div>\n","protected":false},"excerpt":{"rendered":"<p>Lundi 28 octobre 2024 de\u00a019h30 \u00e0 21h30 &#8211; H\u00f4tel Le Ness Soir\u00e9e lancement du #MoisSansTabac 2024 Votre URPS a le plaisir de vous accueillir lors de la soir\u00e9e du lancement du #MoisSansTabac le lundi 28 octobre 2024 de 19h30 \u00e0 21h30 \u00e0 l&#8217;H\u00f4tel LE NESS \u00e0 la Saline Les Bains. Au programme : \u25baPr\u00e9sentation de&hellip;<\/p>\n","protected":false},"author":3,"featured_media":6696,"comment_status":"open","ping_status":"open","sticky":false,"template":"","format":"standard","meta":{"footnotes":""},"categories":[331,182,261,580],"tags":[802,19,57,239],"amp_enabled":true,"_links":{"self":[{"href":"https:\/\/urpspharma.re\/index.php?rest_route=\/wp\/v2\/posts\/6694"}],"collection":[{"href":"https:\/\/urpspharma.re\/index.php?rest_route=\/wp\/v2\/posts"}],"about":[{"href":"https:\/\/urpspharma.re\/index.php?rest_route=\/wp\/v2\/types\/post"}],"author":[{"embeddable":true,"href":"https:\/\/urpspharma.re\/index.php?rest_route=\/wp\/v2\/users\/3"}],"replies":[{"embeddable":true,"href":"https:\/\/urpspharma.re\/index.php?rest_route=%2Fwp%2Fv2%2Fcomments&post=6694"}],"version-history":[{"count":2,"href":"https:\/\/urpspharma.re\/index.php?rest_route=\/wp\/v2\/posts\/6694\/revisions"}],"predecessor-version":[{"id":6699,"href":"https:\/\/urpspharma.re\/index.php?rest_route=\/wp\/v2\/posts\/6694\/revisions\/6699"}],"wp:featuredmedia":[{"embeddable":true,"href":"https:\/\/urpspharma.re\/index.php?rest_route=\/wp\/v2\/media\/6696"}],"wp:attachment":[{"href":"https:\/\/urpspharma.re\/index.php?rest_route=%2Fwp%2Fv2%2Fmedia&parent=6694"}],"wp:term":[{"taxonomy":"category","embeddable":true,"href":"https:\/\/urpspharma.re\/index.php?rest_route=%2Fwp%2Fv2%2Fcategories&post=6694"},{"taxonomy":"post_tag","embeddable":true,"href":"https:\/\/urpspharma.re\/index.php?rest_route=%2Fwp%2Fv2%2Ftags&post=6694"}],"curies":[{"name":"wp","href":"https:\/\/api.w.org\/{rel}","templated":true}]}}