{"id":6770,"date":"2024-10-19T08:39:11","date_gmt":"2024-10-19T04:39:11","guid":{"rendered":"https:\/\/urpspharma.re\/?p=6770"},"modified":"2024-11-08T10:39:57","modified_gmt":"2024-11-08T06:39:57","slug":"urps-mardi-29-octobre-2024-formation-dpc-opco-fifpl-le-sevrage-tabagique","status":"publish","type":"post","link":"https:\/\/urpspharma.re\/?p=6770","title":{"rendered":"URPS : Mardi 29 octobre 2024 : Formation DPC\/OPCO\/FIFPL &#8211;  Le sevrage tabagique"},"content":{"rendered":"\n<h2 class=\"wp-block-heading has-text-align-center has-very-light-gray-to-cyan-bluish-gray-gradient-background has-background\">Mardi 29 octobre 2024 de 9h00 \u00e0 17h00<\/h2>\n\n\n\n<h1 class=\"wp-block-heading has-text-align-center\">Prise en charge du tabagisme : Accompagnement des patients fumeurs&#8221;<\/h1>\n\n\n\n<div class=\"wp-block-columns is-layout-flex wp-container-core-columns-layout-1 wp-block-columns-is-layout-flex\">\n<div class=\"wp-block-column is-layout-flow wp-block-column-is-layout-flow\">\n<p>Dans le cadre du #MoisSansTabac et de l&#8217;accompagnement des pharmacies,\u00a0<strong>votre URPS vous propose en exclusivit\u00e9<\/strong>\u00a0une formation en partenariat avec l&#8217;Association des Tabacologues enthousiastes de l&#8217;Ile de la R\u00e9union : ATelieR<\/p>\n\n\n\n<figure class=\"wp-block-image size-full is-resized\"><img loading=\"lazy\" decoding=\"async\" width=\"535\" height=\"444\" src=\"https:\/\/urpspharma.re\/wp-content\/uploads\/2024\/10\/atelier-logo.png\" alt=\"\" class=\"wp-image-6773\" style=\"object-fit:cover;width:120px;height:120px\" srcset=\"https:\/\/urpspharma.re\/wp-content\/uploads\/2024\/10\/atelier-logo.png 535w, https:\/\/urpspharma.re\/wp-content\/uploads\/2024\/10\/atelier-logo-300x249.png 300w\" sizes=\"(max-width: 535px) 100vw, 535px\" \/><\/figure>\n<\/div>\n\n\n\n<div class=\"wp-block-column is-layout-flow wp-block-column-is-layout-flow\">\n<p>et l\u2019appui de l&#8217;Ambassadeur du #MoisSansTabac\u00a0R\u00e9gional : Promotion sant\u00e9 La R\u00e9union.<\/p>\n\n\n\n<figure class=\"wp-block-image size-medium\"><img loading=\"lazy\" decoding=\"async\" width=\"300\" height=\"129\" src=\"https:\/\/urpspharma.re\/wp-content\/uploads\/2024\/10\/promotion-sante-300x129.png\" alt=\"\" class=\"wp-image-6774\" style=\"object-fit:cover\" srcset=\"https:\/\/urpspharma.re\/wp-content\/uploads\/2024\/10\/promotion-sante-300x129.png 300w, https:\/\/urpspharma.re\/wp-content\/uploads\/2024\/10\/promotion-sante.png 715w\" sizes=\"(max-width: 300px) 100vw, 300px\" \/><\/figure>\n<\/div>\n<\/div>\n\n\n\n<p>Ces deux acteurs auront le plaisir de vous accompagner tout au long de cette journ\u00e9e d\u00e9di\u00e9e aux pharmaciens et aux pr\u00e9parateurs.<br>Le but de la formation validante\u00a0<strong>&#8220;Prise en charge du tabagisme : accompagnement des patients fumeurs&#8221;\u00a0<\/strong>est de\u00a0 vous permettre de d\u00e9livrer sereinement au comptoir des conseils ainsi qu&#8217;une dispensation optimale des substituts nicotiniques.<\/p>\n\n\n\n<p class=\"has-text-align-center has-medium-font-size\"><strong>Venez nombreux !<br>Pensez \u00e0 relayer cette information aupr\u00e8s de vos confr\u00e8res.<\/strong><\/p>\n\n\n\n<figure class=\"wp-block-image size-full\"><img loading=\"lazy\" decoding=\"async\" width=\"877\" height=\"326\" src=\"https:\/\/urpspharma.re\/wp-content\/uploads\/2024\/10\/qui-quand-duree-ou.jpg\" alt=\"\" class=\"wp-image-6771\" srcset=\"https:\/\/urpspharma.re\/wp-content\/uploads\/2024\/10\/qui-quand-duree-ou.jpg 877w, https:\/\/urpspharma.re\/wp-content\/uploads\/2024\/10\/qui-quand-duree-ou-300x112.jpg 300w, https:\/\/urpspharma.re\/wp-content\/uploads\/2024\/10\/qui-quand-duree-ou-768x285.jpg 768w\" sizes=\"(max-width: 877px) 100vw, 877px\" \/><\/figure>\n\n\n\n<div class=\"wp-block-media-text is-stacked-on-mobile\" style=\"grid-template-columns:40% auto\"><figure class=\"wp-block-media-text__media\"><img loading=\"lazy\" decoding=\"async\" width=\"614\" height=\"250\" src=\"https:\/\/urpspharma.re\/wp-content\/uploads\/2024\/10\/Je-minscris.jpg\" alt=\"\" class=\"wp-image-6772 size-full\" srcset=\"https:\/\/urpspharma.re\/wp-content\/uploads\/2024\/10\/Je-minscris.jpg 614w, https:\/\/urpspharma.re\/wp-content\/uploads\/2024\/10\/Je-minscris-300x122.jpg 300w\" sizes=\"(max-width: 614px) 100vw, 614px\" \/><\/figure><div class=\"wp-block-media-text__content\">\n<p><\/p>\n\n\n\n<div class=\"wp-block-buttons is-layout-flex wp-block-buttons-is-layout-flex\">\n<div class=\"wp-block-button has-custom-width wp-block-button__width-100 is-style-fill\"><a class=\"wp-block-button__link has-vivid-red-background-color has-background wp-element-button\" href=\"https:\/\/app.digiforma.com\/guest\/0349702821\/training_sessions\/1992904\/register\" target=\"_blank\" rel=\"noreferrer noopener\">>> Inscription en cliquant ICI<\/a><\/div>\n<\/div>\n<\/div><\/div>\n\n\n\n<div class=\"wp-block-columns is-layout-flex wp-container-core-columns-layout-2 wp-block-columns-is-layout-flex\">\n<div class=\"wp-block-column is-layout-flow wp-block-column-is-layout-flow\">\n<figure class=\"wp-block-table\"><table><tbody><tr><td><strong>Objectif g\u00e9n\u00e9ral<\/strong><\/td><\/tr><\/tbody><\/table><\/figure>\n\n\n\n<figure class=\"wp-block-table\"><table><tbody><tr><td>Cette formation permettra \u00e0 toute\u00a0l&#8217;\u00e9quipe officinale d\u2019acqu\u00e9rir des comp\u00e9tences en addictologie pour \u00eatre en mesure d\u2019accompagner sereinement les patients fumeurs de mani\u00e8re adapt\u00e9e et s\u00e9curitaire, notamment gr\u00e2ce \u00e0 la prescription et au bon usage des Traitements de Substitution Nicotinique (TSN).<\/td><\/tr><\/tbody><\/table><\/figure>\n<\/div>\n\n\n\n<div class=\"wp-block-column is-layout-flow wp-block-column-is-layout-flow\">\n<figure class=\"wp-block-table\"><table><tbody><tr><td><strong>Objectifs p\u00e9dagogiques<\/strong><\/td><\/tr><\/tbody><\/table><\/figure>\n\n\n\n<figure class=\"wp-block-table\"><table><tbody><tr><td>&#8211; Conna\u00eetre les dispositifs d\u2019aide \u00e0 l\u2019arr\u00eat sur l\u2019\u00eele de la R\u00e9union (Action\u00a0\u201cMOIS SANS TABAC\u201d, Lieux de Sant\u00e9 Sans Tabac etc&#8230;)<br>&#8211; Mettre \u00e0 jour les\u00a0connaissances en addictologie et tabacologie (m\u00e9canismes, objectifs de la prise en charge, les moyens d\u2019aide \u00e0 l\u2019arr\u00eat, les diff\u00e9rentes formes de d\u00e9pendances\u2026)<br>&#8211; Adapter la prise en charge \u00e0 chacune des diff\u00e9rentes d\u00e9pendances au tabac<br>&#8211; Identifier la place de la nicotine : balance b\u00e9n\u00e9fices\/risques<br>&#8211; Mettre en pratique : la prescription s\u00e9curitaire des substituts nicotiniques<br>&#8211; Conna\u00eetre les autres moyens d\u2019aide \u00e0 l\u2019arr\u00eat : efficacit\u00e9 et validation scientifique<br>&#8211; Comprendre les principes de R\u00e9duction des Risques et des Dommages (RdRD)<br>&#8211; Participer \u00e0 des Travaux Pratiques\u00a0 et cas comptoir : prise en charge du patient fumeur, de l\u2019initiation du parcours de soins \u00e0 la fin de l&#8217;accompagnement<\/td><\/tr><\/tbody><\/table><\/figure>\n<\/div>\n<\/div>\n\n\n\n<h2 class=\"wp-block-heading\">Tarif<\/h2>\n\n\n\n<p>Possibilit\u00e9s de prise en charge : DPC\/FIF PL\/OPCO<\/p>\n\n\n\n<ul>\n<li>Agr\u00e9ment par l\u2019ANDPC n\u00b040652325007\u00a0<a href=\"https:\/\/www.agencedpc.fr\/formations-dpc-rechercher-un-dpc\" target=\"_blank\" rel=\"noreferrer noopener\">https:\/\/www.agencedpc.fr\/formations-dpc-rechercher-un-dpc<\/a><\/li>\n\n\n\n<li>Prise en charge par un OPCO, N\u00b0 d\u2019activit\u00e9 : 98970302997<\/li>\n\n\n\n<li>Prise en charge FIFPL : contacter formation@promotionsante.re<\/li>\n<\/ul>\n\n\n\n<p>Le montant de la formation est de 250 \u20ac par personne repas compris<\/p>\n\n\n\n<figure class=\"wp-block-table\"><table><tbody><tr><td><strong>Contact<\/strong> : Aur\u00e9lie CAPOUTRIE &#8211; <a href=\"mailto:formation@promotionsante.re\" target=\"_blank\" rel=\"noreferrer noopener\">formation@promotionsante.re<\/a> &#8211; 0692 00 58 65<\/td><\/tr><\/tbody><\/table><\/figure>\n","protected":false},"excerpt":{"rendered":"<p>Mardi 29 octobre 2024 de 9h00 \u00e0 17h00 Prise en charge du tabagisme : Accompagnement des patients fumeurs&#8221; Dans le cadre du #MoisSansTabac et de l&#8217;accompagnement des pharmacies,\u00a0votre URPS vous propose en exclusivit\u00e9\u00a0une formation en partenariat avec l&#8217;Association des Tabacologues enthousiastes de l&#8217;Ile de la R\u00e9union : ATelieR et l\u2019appui de l&#8217;Ambassadeur du #MoisSansTabac\u00a0R\u00e9gional :&hellip;<\/p>\n","protected":false},"author":3,"featured_media":6824,"comment_status":"open","ping_status":"open","sticky":false,"template":"","format":"standard","meta":{"footnotes":""},"categories":[284,331,182,261],"tags":[812,811,18,239],"amp_enabled":true,"_links":{"self":[{"href":"https:\/\/urpspharma.re\/index.php?rest_route=\/wp\/v2\/posts\/6770"}],"collection":[{"href":"https:\/\/urpspharma.re\/index.php?rest_route=\/wp\/v2\/posts"}],"about":[{"href":"https:\/\/urpspharma.re\/index.php?rest_route=\/wp\/v2\/types\/post"}],"author":[{"embeddable":true,"href":"https:\/\/urpspharma.re\/index.php?rest_route=\/wp\/v2\/users\/3"}],"replies":[{"embeddable":true,"href":"https:\/\/urpspharma.re\/index.php?rest_route=%2Fwp%2Fv2%2Fcomments&post=6770"}],"version-history":[{"count":3,"href":"https:\/\/urpspharma.re\/index.php?rest_route=\/wp\/v2\/posts\/6770\/revisions"}],"predecessor-version":[{"id":6777,"href":"https:\/\/urpspharma.re\/index.php?rest_route=\/wp\/v2\/posts\/6770\/revisions\/6777"}],"wp:featuredmedia":[{"embeddable":true,"href":"https:\/\/urpspharma.re\/index.php?rest_route=\/wp\/v2\/media\/6824"}],"wp:attachment":[{"href":"https:\/\/urpspharma.re\/index.php?rest_route=%2Fwp%2Fv2%2Fmedia&parent=6770"}],"wp:term":[{"taxonomy":"category","embeddable":true,"href":"https:\/\/urpspharma.re\/index.php?rest_route=%2Fwp%2Fv2%2Fcategories&post=6770"},{"taxonomy":"post_tag","embeddable":true,"href":"https:\/\/urpspharma.re\/index.php?rest_route=%2Fwp%2Fv2%2Ftags&post=6770"}],"curies":[{"name":"wp","href":"https:\/\/api.w.org\/{rel}","templated":true}]}}