{"id":678,"date":"2016-09-09T17:27:29","date_gmt":"2016-09-09T13:27:29","guid":{"rendered":"http:\/\/urpspharma.re\/?p=678"},"modified":"2017-09-08T10:24:40","modified_gmt":"2017-09-08T06:24:40","slug":"urps-en-action-mois-sans-tabac-cest-parti","status":"publish","type":"post","link":"https:\/\/urpspharma.re\/?p=678","title":{"rendered":"Moi(s) sans tabac, c&#8217;est parti !"},"content":{"rendered":"<p style=\"text-align: center;\"><b>URPS en ACTION : Rep\u00e9rez d\u00e8s maintenant les fumeurs volontaires !<\/b><\/p>\n<p style=\"text-align: justify;\">Comme nous vous l\u2019annoncions pr\u00e9c\u00e9demment, <strong>\u00a0l\u2019op\u00e9ration nationale \u201cMoi(s) sans tabac\u201d<\/strong>\u00a0se pr\u00e9pare actuellement, et un arsenal m\u00e9diatique sera d\u00e9ploy\u00e9 en octobre pour inciter de nombreux fumeurs \u00e0 initier un sevrage avec accompagnement par le pharmacien en novembre. En effet, votre\u00a0URPS \u00e9tait porteur de projet et\u00a0avait r\u00e9pondu \u00e0 cet appel national de la CNAM.<\/p>\n<p style=\"text-align: center;\"><strong>Bonne nouvelle ! L<\/strong><strong>e projet &#8220;Moi(s) sans tabac&#8221; de votre URPS a \u00e9t\u00e9 valid\u00e9.<\/strong><\/p>\n<p style=\"text-align: justify;\"><strong>Nous disposerons donc de moyens pour vous garantir les meilleures conditions\u00a0<\/strong>pour accompagner chaque personne qui s\u2019engagera \u00e0 arr\u00eater de fumer pendant tout le mois de novembre.<\/p>\n<p style=\"text-align: justify;\"><span style=\"text-decoration: underline;\">Deux axes principaux<\/span>\u00a0:<\/p>\n<ul>\n<li><strong>R\u00e9mun\u00e9ration des entretiens pour le pharmacien\u00a0<\/strong>qui s\u2019engagera dans cette action,<\/li>\n<li><strong>Acc\u00e8s aux substituts nicotiniques \u00e0 prix promotionnels, voire gratuitement (<\/strong>sous conditions d&#8217;\u00e9ligibilit\u00e9s).<\/li>\n<\/ul>\n<p style=\"text-align: justify;\">Notre objectif collectif est d\u2019atteindre\u00a0<strong>1000 engagements de fumeurs avant novembre dans nos officines.\u00a0<\/strong><\/p>\n<p style=\"text-align: justify;\">Pour\u00a0ce projet, notre ambassadeur SAOME \u00e0 mis en place des <span style=\"text-decoration: underline;\"><strong>soir\u00e9es d&#8217;informations<\/strong> <\/span>de <span style=\"text-decoration: underline;\"><strong>19h \u00e0 21h<\/strong> <\/span>le :<\/p>\n<ul>\n<li style=\"text-align: justify;\">lundi 26 septembre (secteur SUD)<\/li>\n<li style=\"text-align: justify;\">mardi 27 septembre (secteur NORD)<\/li>\n<li style=\"text-align: justify;\">mercredi 28 septembre (secteur OUEST)<\/li>\n<li style=\"text-align: justify;\">jeudi 29 septembre (secteur EST)<\/li>\n<\/ul>\n<p style=\"text-align: justify;\">Pour vous inscrire cliquez sur le bouton ci-dessous<\/p>\n<p style=\"text-align: justify;\">[maxbutton id=&#8221;31&#8243;]<\/p>\n<p style=\"text-align: justify;\">Avec SAOME (R\u00e9seau R\u00e9gional d\u2019Addictologie) \u00a0ambassadeur et partenaire de votre URPS, nous vous d\u00e9taillerons rapidement les modalit\u00e9s de cette action lors de ces soir\u00e9es.<\/p>\n<p style=\"text-align: justify;\">Pour participer \u00e0 cette action de Sant\u00e9 Publique, vous pouvez vous inscrire d\u00e8s maintenant en cliquant sur le bouton ci-dessous<\/p>\n<p style=\"text-align: justify;\"><strong><u>soit par internet<\/u><\/strong><br \/>\n(cliquez sur le bouton ci-dessous)<\/p>\n<p style=\"text-align: justify;\">[maxbutton id=&#8221;27&#8243;]<\/p>\n<p><strong><u>soit par mail<\/u> <\/strong>\u00e0 <strong>urpspharma974@gmail.com<\/strong>\u00a0<strong>ou <u>par fax<\/u><\/strong> au <strong>02.62.66.86.46\u00a0<\/strong><br \/>\n(cliquez sur le bouton ci-dessous)<\/p>\n<p>&nbsp;<\/p>\n<p>[maxbutton id=&#8221;26&#8243;]<\/p>\n<p style=\"text-align: center;\"><strong>Nous comptons sur votre mobilisation\u00a0! Ensemble, relevons le d\u00e9fi des 1000 !<\/strong><\/p>\n<p style=\"text-align: center;\"><strong>Rep\u00e9rez d\u00e8s maintenant les fumeurs volontaires !<\/strong><\/p>\n","protected":false},"excerpt":{"rendered":"<p>URPS en ACTION : Rep\u00e9rez d\u00e8s maintenant les fumeurs volontaires ! Comme nous vous l\u2019annoncions pr\u00e9c\u00e9demment, \u00a0l\u2019op\u00e9ration nationale \u201cMoi(s) sans tabac\u201d\u00a0se pr\u00e9pare actuellement, et un arsenal m\u00e9diatique sera d\u00e9ploy\u00e9 en octobre pour inciter de nombreux fumeurs \u00e0 initier un sevrage avec accompagnement par le pharmacien en novembre. En effet, votre\u00a0URPS \u00e9tait porteur de projet et\u00a0avait&hellip;<\/p>\n","protected":false},"author":3,"featured_media":1029,"comment_status":"open","ping_status":"open","sticky":false,"template":"","format":"standard","meta":{"footnotes":""},"categories":[182],"tags":[67,117,21,18,118,57],"amp_enabled":true,"_links":{"self":[{"href":"https:\/\/urpspharma.re\/index.php?rest_route=\/wp\/v2\/posts\/678"}],"collection":[{"href":"https:\/\/urpspharma.re\/index.php?rest_route=\/wp\/v2\/posts"}],"about":[{"href":"https:\/\/urpspharma.re\/index.php?rest_route=\/wp\/v2\/types\/post"}],"author":[{"embeddable":true,"href":"https:\/\/urpspharma.re\/index.php?rest_route=\/wp\/v2\/users\/3"}],"replies":[{"embeddable":true,"href":"https:\/\/urpspharma.re\/index.php?rest_route=%2Fwp%2Fv2%2Fcomments&post=678"}],"version-history":[{"count":14,"href":"https:\/\/urpspharma.re\/index.php?rest_route=\/wp\/v2\/posts\/678\/revisions"}],"predecessor-version":[{"id":1044,"href":"https:\/\/urpspharma.re\/index.php?rest_route=\/wp\/v2\/posts\/678\/revisions\/1044"}],"wp:featuredmedia":[{"embeddable":true,"href":"https:\/\/urpspharma.re\/index.php?rest_route=\/wp\/v2\/media\/1029"}],"wp:attachment":[{"href":"https:\/\/urpspharma.re\/index.php?rest_route=%2Fwp%2Fv2%2Fmedia&parent=678"}],"wp:term":[{"taxonomy":"category","embeddable":true,"href":"https:\/\/urpspharma.re\/index.php?rest_route=%2Fwp%2Fv2%2Fcategories&post=678"},{"taxonomy":"post_tag","embeddable":true,"href":"https:\/\/urpspharma.re\/index.php?rest_route=%2Fwp%2Fv2%2Ftags&post=678"}],"curies":[{"name":"wp","href":"https:\/\/api.w.org\/{rel}","templated":true}]}}