{"id":6851,"date":"2024-11-27T10:21:26","date_gmt":"2024-11-27T06:21:26","guid":{"rendered":"https:\/\/urpspharma.re\/?p=6851"},"modified":"2024-11-27T10:21:27","modified_gmt":"2024-11-27T06:21:27","slug":"urps-mardi-17-decembre-2024-soiree-dinformation-juridique","status":"publish","type":"post","link":"https:\/\/urpspharma.re\/?p=6851","title":{"rendered":"URPS : Mardi 17 d\u00e9cembre 2024 &#8211; Soir\u00e9e d&#8217;information &#038; juridique"},"content":{"rendered":"\n<h3 class=\"wp-block-heading has-text-align-center has-very-light-gray-to-cyan-bluish-gray-gradient-background has-background\">Mardi 17 d\u00e9cembre 2024 \u00e0 20h- H\u00f4tel Le LUX (Saint-Gilles les bains)<\/h3>\n\n\n\n<h1 class=\"wp-block-heading has-text-align-center\">Acheminement des m\u00e9dicaments \u00e0 la R\u00e9union Territoires fragiles<br>Transfert des officines<\/h1>\n\n\n\n<p class=\"has-medium-font-size\">Votre URPS, en partenariat avec l&#8217;ARS, l&#8217;Ordre des pharmaciens, les grossistes r\u00e9partiteurs ainsi ques les syndicats,\u00a0ont\u00a0le plaisir de vous accueillir lors de la soir\u00e9e sur\u00a0le th\u00e8me :\u00a0<strong>Information &amp; Rappel du juridique en officine<\/strong><\/p>\n\n\n\n<p class=\"has-medium-font-size\">Cette soir\u00e9e sera co-anim\u00e9e par<br><strong>&#8211; Dr&nbsp;SCHMIDT J\u00e9r\u00f4me<\/strong>&nbsp;Pharmacien inspecteur g\u00e9n\u00e9ral de sant\u00e9 publique,&nbsp;<br><strong>&#8211; Dr FAYARD Nad\u00e8ge<\/strong>&nbsp;Pharmacienne inspectrice de sant\u00e9 publique,<br><strong>&#8211; Dr&nbsp;MARODON Claude<\/strong>&nbsp;Pr\u00e9sident de d\u00e9l\u00e9gation de l&#8217;ordre des pharmaciens,<br>&#8211;&nbsp;<strong>les 3 grossistes r\u00e9partiteurs<\/strong>&nbsp;(PHARMAR, SIPR, SOREDIP)<\/p>\n\n\n\n<p class=\"has-medium-font-size\">avec \u00e9galement la participation des<strong>\u00a02 syndicats\u00a0<\/strong>(FSPF\u00a0et USPO)<\/p>\n\n\n\n<p class=\"has-text-align-center has-medium-font-size\"><strong>Nous comptons sur votre participation. <\/strong><\/p>\n\n\n\n<p class=\"has-text-align-center has-medium-font-size\"><strong>N&#8217;h\u00e9sitez pas \u00e0 relayer cette information aupr\u00e8s de vos confr\u00e8res.<\/strong><\/p>\n\n\n\n<p class=\"has-text-align-center has-medium-font-size\"><strong>Au plaisir de se retrouver !<\/strong><\/p>\n\n\n\n<p><\/p>\n\n\n\n<div class=\"wp-block-media-text has-media-on-the-right is-stacked-on-mobile is-vertically-aligned-top has-fl-topbar-bg-color-background-color has-background\" style=\"grid-template-columns:auto 43%\"><div class=\"wp-block-media-text__content\">\n<p class=\"has-medium-font-size\"><mark style=\"background-color:rgba(0, 0, 0, 0)\" class=\"has-inline-color has-fl-accent-color\">Soir\u00e9e\u00a0<strong>gratuite<\/strong>\u00a0mais l\u2019<strong>inscription est obligatoire<\/strong><\/mark><\/p>\n\n\n\n<p class=\"has-medium-font-size\">A l&#8217;issue de cette soir\u00e9e,&nbsp;<strong>un cocktail dinatoire&nbsp;<\/strong>vous sera propos\u00e9.<\/p>\n\n\n\n<div class=\"wp-block-buttons is-layout-flex wp-block-buttons-is-layout-flex\">\n<div class=\"wp-block-button has-custom-width wp-block-button__width-100 has-custom-font-size\" style=\"font-size:26px\"><a class=\"wp-block-button__link has-luminous-vivid-orange-background-color has-background wp-element-button\" href=\"https:\/\/docs.google.com\/forms\/d\/e\/1FAIpQLSdctNULVe4A_0WMfz9IwY4I32zP8tYQ61ggAc7kvdgA49wXZA\/viewform\" target=\"_blank\" rel=\"noreferrer noopener\"><strong>>> Inscription ICI<\/strong><\/a><\/div>\n<\/div>\n\n\n\n<div class=\"wp-block-group has-medium-font-size is-layout-constrained wp-block-group-is-layout-constrained\"><div class=\"wp-block-group__inner-container\">\n<p class=\"has-text-align-center has-small-font-size\"><strong><mark style=\"background-color:rgba(0, 0, 0, 0);color:#8e0f84\" class=\"has-inline-color\">Date limite des inscriptions :<br>le samedi 14 d\u00e9cembre 2024<br>Attention : places limit\u00e9es<\/mark><\/strong><\/p>\n<\/div><\/div>\n\n\n\n<p class=\"has-medium-font-size\">Les grossistes et\/ou l&#8217;ARS vous r\u00e9pondront lors de cette soir\u00e9e.<\/p>\n\n\n\n<p class=\"has-medium-font-size\"><strong>Ce formulaire est ANONYME.<\/strong><\/p>\n\n\n\n<div class=\"wp-block-buttons is-layout-flex wp-block-buttons-is-layout-flex\">\n<div class=\"wp-block-button has-custom-width wp-block-button__width-100 has-custom-font-size is-style-fill\" style=\"font-size:19px\"><a class=\"wp-block-button__link has-fl-heading-text-color-background-color has-background wp-element-button\" href=\"https:\/\/docs.google.com\/forms\/d\/e\/1FAIpQLSd0uYE3XB8CpRQ004PoVRdtbUVqRxnN17O8ndsD792dub_wKg\/viewform\" style=\"border-radius:34px\" target=\"_blank\" rel=\"noreferrer noopener\"><strong>>> Posez vos questions en cliquant ICI<\/strong><\/a><\/div>\n<\/div>\n<\/div><figure class=\"wp-block-media-text__media\"><img loading=\"lazy\" decoding=\"async\" width=\"724\" height=\"1024\" src=\"https:\/\/urpspharma.re\/wp-content\/uploads\/2024\/11\/invitation-soiree-17-dec-2024-724x1024.png\" alt=\"\" class=\"wp-image-6852 size-full\" srcset=\"https:\/\/urpspharma.re\/wp-content\/uploads\/2024\/11\/invitation-soiree-17-dec-2024-724x1024.png 724w, https:\/\/urpspharma.re\/wp-content\/uploads\/2024\/11\/invitation-soiree-17-dec-2024-212x300.png 212w, https:\/\/urpspharma.re\/wp-content\/uploads\/2024\/11\/invitation-soiree-17-dec-2024-768x1086.png 768w, https:\/\/urpspharma.re\/wp-content\/uploads\/2024\/11\/invitation-soiree-17-dec-2024-1086x1536.png 1086w, https:\/\/urpspharma.re\/wp-content\/uploads\/2024\/11\/invitation-soiree-17-dec-2024.png 1414w\" sizes=\"(max-width: 724px) 100vw, 724px\" \/><\/figure><\/div>\n\n\n\n<div class=\"wp-block-group is-layout-constrained wp-block-group-is-layout-constrained\"><div class=\"wp-block-group__inner-container\"><\/div><\/div>\n","protected":false},"excerpt":{"rendered":"<p>Mardi 17 d\u00e9cembre 2024 \u00e0 20h- H\u00f4tel Le LUX (Saint-Gilles les bains) Acheminement des m\u00e9dicaments \u00e0 la R\u00e9union Territoires fragilesTransfert des officines Votre URPS, en partenariat avec l&#8217;ARS, l&#8217;Ordre des pharmaciens, les grossistes r\u00e9partiteurs ainsi ques les syndicats,\u00a0ont\u00a0le plaisir de vous accueillir lors de la soir\u00e9e sur\u00a0le th\u00e8me :\u00a0Information &amp; Rappel du juridique en officine&hellip;<\/p>\n","protected":false},"author":3,"featured_media":6852,"comment_status":"open","ping_status":"open","sticky":false,"template":"","format":"standard","meta":{"footnotes":""},"categories":[182,261,580],"tags":[818,19,239],"amp_enabled":true,"_links":{"self":[{"href":"https:\/\/urpspharma.re\/index.php?rest_route=\/wp\/v2\/posts\/6851"}],"collection":[{"href":"https:\/\/urpspharma.re\/index.php?rest_route=\/wp\/v2\/posts"}],"about":[{"href":"https:\/\/urpspharma.re\/index.php?rest_route=\/wp\/v2\/types\/post"}],"author":[{"embeddable":true,"href":"https:\/\/urpspharma.re\/index.php?rest_route=\/wp\/v2\/users\/3"}],"replies":[{"embeddable":true,"href":"https:\/\/urpspharma.re\/index.php?rest_route=%2Fwp%2Fv2%2Fcomments&post=6851"}],"version-history":[{"count":11,"href":"https:\/\/urpspharma.re\/index.php?rest_route=\/wp\/v2\/posts\/6851\/revisions"}],"predecessor-version":[{"id":6863,"href":"https:\/\/urpspharma.re\/index.php?rest_route=\/wp\/v2\/posts\/6851\/revisions\/6863"}],"wp:featuredmedia":[{"embeddable":true,"href":"https:\/\/urpspharma.re\/index.php?rest_route=\/wp\/v2\/media\/6852"}],"wp:attachment":[{"href":"https:\/\/urpspharma.re\/index.php?rest_route=%2Fwp%2Fv2%2Fmedia&parent=6851"}],"wp:term":[{"taxonomy":"category","embeddable":true,"href":"https:\/\/urpspharma.re\/index.php?rest_route=%2Fwp%2Fv2%2Fcategories&post=6851"},{"taxonomy":"post_tag","embeddable":true,"href":"https:\/\/urpspharma.re\/index.php?rest_route=%2Fwp%2Fv2%2Ftags&post=6851"}],"curies":[{"name":"wp","href":"https:\/\/api.w.org\/{rel}","templated":true}]}}