{"id":6884,"date":"2025-01-23T11:07:34","date_gmt":"2025-01-23T07:07:34","guid":{"rendered":"https:\/\/urpspharma.re\/?p=6884"},"modified":"2025-01-28T11:10:09","modified_gmt":"2025-01-28T07:10:09","slug":"promotion-sante-la-reunion-et-balise-psy-formation-premier-secours-en-sante-mentale-pssm","status":"publish","type":"post","link":"https:\/\/urpspharma.re\/?p=6884","title":{"rendered":"Promotion Sant\u00e9 La R\u00e9union\u00a0et\u00a0Balise Psy : Formation Premier Secours en Sant\u00e9 Mentale &#8211; PSSM"},"content":{"rendered":"\n<h2 class=\"wp-block-heading has-text-align-center has-very-light-gray-to-cyan-bluish-gray-gradient-background has-background\">Deux sessions de formation en f\u00e9vrier 2025<\/h2>\n\n\n\n<p><\/p>\n\n\n\n<h1 class=\"wp-block-heading has-text-align-center\">PSSM \u2013 Premiers Secours en Sant\u00e9 Mentale<\/h1>\n\n\n\n<p><strong>Promotion Sant\u00e9 La R\u00e9union<\/strong>\u00a0et\u00a0<strong>Balise Psy<\/strong>\u00a0organisent deux sessions de formation aux\u00a0<strong>Premiers Secours en Sant\u00e9 Mentale<\/strong>\u00a0(PSSM) et int\u00e8grent ainsi la dynamique 2025 du gouvernement qui fait de la sant\u00e9 mentale la Grande Cause Nationale pour cette nouvelle ann\u00e9e &#8211;\u00a0<a href=\"https:\/\/www.info.gouv.fr\/actualite\/la-sante-mentale-grande-cause-nationale-en-2025\" target=\"_blank\" rel=\"noreferrer noopener\">https:\/\/www.info.gouv.fr\/actualite\/la-sante-mentale-grande-cause-nationale-en-2025<\/a><\/p>\n\n\n\n<p><strong>Cette formation va permettre aux stagiaires de d\u00e9velopper des comp\u00e9tences dans le domaine de la sant\u00e9 mentale, sur le rep\u00e9rage, la gestion et l\u2019accompagnement des personnes en situation de crise de sant\u00e9 mentale.<\/strong><\/p>\n\n\n\n<h5 class=\"wp-block-heading\">Dates de la session<\/h5>\n\n\n\n<ul>\n<li><strong>17 et 18 f\u00e9vrier 2025 \u00e0 l\u2019H\u00f4tel Relais de l\u2019Hermitage \u00e0 Saint-Gilles-Les-Bains&nbsp;<\/strong>(<em>date limite d\u2019inscription le 10 f\u00e9vrier 2025, au del\u00e0 merci de contacter directement Promotion Sant\u00e9 La R\u00e9union<\/em>)<strong>&nbsp;:&nbsp;<a href=\"https:\/\/app.digiforma.com\/guest\/0349702821\/training_sessions\/2150299\/register\">S\u2019inscrire<\/a><\/strong><\/li>\n\n\n\n<li><strong>27 et 28 f\u00e9vrier 2025 \u00e0 Lizine de Sainte Marie<\/strong>&nbsp;(<em>date limite d\u2019inscription le 20 f\u00e9vrier 2025, au del\u00e0 merci de contacter directement Promotion Sant\u00e9 La R\u00e9union<\/em>) :&nbsp;<a href=\"https:\/\/app.digiforma.com\/guest\/0349702821\/training_sessions\/2184953\/register\"><strong>S\u2019inscrire<\/strong><\/a><\/li>\n<\/ul>\n\n\n\n<p>Dur\u00e9e :&nbsp;<strong>2 jours&nbsp;cons\u00e9cutifs<\/strong>&nbsp;(7h par jour) \u2013&nbsp;<strong>soit 14h \u2013 en pr\u00e9sentiel<\/strong><\/p>\n\n\n\n<div class=\"wp-block-media-text is-stacked-on-mobile\" style=\"grid-template-columns:40% auto\"><figure class=\"wp-block-media-text__media\"><a href=\"https:\/\/cutt.ly\/Formation_Tabaco_Special_Pharmacie_Ven_15_Nov_2024_9h_17h\" target=\"_blank\" rel=\"noreferrer noopener\"><img loading=\"lazy\" decoding=\"async\" width=\"715\" height=\"307\" src=\"https:\/\/urpspharma.re\/wp-content\/uploads\/2024\/10\/promotion-sante.png\" alt=\"\" class=\"wp-image-6774 size-full\" srcset=\"https:\/\/urpspharma.re\/wp-content\/uploads\/2024\/10\/promotion-sante.png 715w, https:\/\/urpspharma.re\/wp-content\/uploads\/2024\/10\/promotion-sante-300x129.png 300w\" sizes=\"(max-width: 715px) 100vw, 715px\" \/><\/a><\/figure><div class=\"wp-block-media-text__content\">\n<p><\/p>\n\n\n\n<div class=\"wp-block-buttons is-layout-flex wp-block-buttons-is-layout-flex\">\n<div class=\"wp-block-button has-custom-width wp-block-button__width-100 is-style-fill\"><a class=\"wp-block-button__link has-vivid-red-background-color has-background wp-element-button\" href=\"https:\/\/promotionsante.re\/nos-formations\/pssm-premiers-secours-en-sante-mentale\/?fbclid=IwY2xjawH8cL1leHRuA2FlbQIxMQABHaxAE3Ha_azH-4bo4kHnwVr-w3rcUwXmF-mUFoY1MgYrcAQjuflooiFYIQ_aem_827adIV3DjsNxlHnfdjd-g\" target=\"_blank\" rel=\"noreferrer noopener\">>> Plus d&#8217;informations et inscription en cliquant ICI<\/a><\/div>\n<\/div>\n<\/div><\/div>\n\n\n\n<p><\/p>\n\n\n\n<h2 class=\"wp-block-heading\">Tarif<\/h2>\n\n\n\n<p><strong>250 \u20ac repas compris<\/strong><\/p>\n\n\n\n<p>\u00c0 r\u00e9gler par ch\u00e8que \u00e0 l\u2019ordre de Promotion Sant\u00e9 La R\u00e9union R\u00e9union ou par virement* (contact :&nbsp;<a href=\"mailto:formation@irepsreunion.org\" target=\"_blank\" rel=\"noreferrer noopener\">formation@promotionsante.re<\/a>)<\/p>\n\n\n\n<p><em>*Association loi 1901 non-assujettie \u00e0 la TVA. TVA non applicable, article 293B du CGI.<\/em><\/p>\n\n\n\n<figure class=\"wp-block-table\"><table><tbody><tr><td><strong>Contact<\/strong> : Aur\u00e9lie CAPOUTRIE &#8211; <a href=\"mailto:formation@promotionsante.re\" target=\"_blank\" rel=\"noreferrer noopener\">formation@promotionsante.re<\/a> &#8211; 0692 00 58 65<\/td><\/tr><\/tbody><\/table><\/figure>\n","protected":false},"excerpt":{"rendered":"<p>Deux sessions de formation en f\u00e9vrier 2025 PSSM \u2013 Premiers Secours en Sant\u00e9 Mentale Promotion Sant\u00e9 La R\u00e9union\u00a0et\u00a0Balise Psy\u00a0organisent deux sessions de formation aux\u00a0Premiers Secours en Sant\u00e9 Mentale\u00a0(PSSM) et int\u00e8grent ainsi la dynamique 2025 du gouvernement qui fait de la sant\u00e9 mentale la Grande Cause Nationale pour cette nouvelle ann\u00e9e &#8211;\u00a0https:\/\/www.info.gouv.fr\/actualite\/la-sante-mentale-grande-cause-nationale-en-2025 Cette formation va permettre&hellip;<\/p>\n","protected":false},"author":3,"featured_media":6774,"comment_status":"open","ping_status":"open","sticky":false,"template":"","format":"standard","meta":{"footnotes":""},"categories":[378,182],"tags":[811,239],"amp_enabled":true,"_links":{"self":[{"href":"https:\/\/urpspharma.re\/index.php?rest_route=\/wp\/v2\/posts\/6884"}],"collection":[{"href":"https:\/\/urpspharma.re\/index.php?rest_route=\/wp\/v2\/posts"}],"about":[{"href":"https:\/\/urpspharma.re\/index.php?rest_route=\/wp\/v2\/types\/post"}],"author":[{"embeddable":true,"href":"https:\/\/urpspharma.re\/index.php?rest_route=\/wp\/v2\/users\/3"}],"replies":[{"embeddable":true,"href":"https:\/\/urpspharma.re\/index.php?rest_route=%2Fwp%2Fv2%2Fcomments&post=6884"}],"version-history":[{"count":1,"href":"https:\/\/urpspharma.re\/index.php?rest_route=\/wp\/v2\/posts\/6884\/revisions"}],"predecessor-version":[{"id":6885,"href":"https:\/\/urpspharma.re\/index.php?rest_route=\/wp\/v2\/posts\/6884\/revisions\/6885"}],"wp:featuredmedia":[{"embeddable":true,"href":"https:\/\/urpspharma.re\/index.php?rest_route=\/wp\/v2\/media\/6774"}],"wp:attachment":[{"href":"https:\/\/urpspharma.re\/index.php?rest_route=%2Fwp%2Fv2%2Fmedia&parent=6884"}],"wp:term":[{"taxonomy":"category","embeddable":true,"href":"https:\/\/urpspharma.re\/index.php?rest_route=%2Fwp%2Fv2%2Fcategories&post=6884"},{"taxonomy":"post_tag","embeddable":true,"href":"https:\/\/urpspharma.re\/index.php?rest_route=%2Fwp%2Fv2%2Ftags&post=6884"}],"curies":[{"name":"wp","href":"https:\/\/api.w.org\/{rel}","templated":true}]}}