{"id":6911,"date":"2024-03-20T12:46:56","date_gmt":"2024-03-20T08:46:56","guid":{"rendered":"https:\/\/urpspharma.re\/?p=6911"},"modified":"2025-02-13T12:49:32","modified_gmt":"2025-02-13T08:49:32","slug":"ivg-medicamenteuse-2","status":"publish","type":"post","link":"https:\/\/urpspharma.re\/?p=6911","title":{"rendered":"IVG m\u00e9dicamenteuse"},"content":{"rendered":"\n<h2 class=\"wp-block-heading has-very-light-gray-to-cyan-bluish-gray-gradient-background has-background\">Tarification et d\u00e9livrance en officine<\/h2>\n\n\n\n<h1 class=\"wp-block-heading has-text-align-center\">Nouvel arr\u00eat\u00e9 mars 2024<\/h1>\n\n\n\n<p>Votre URPS ainsi que l&#8217;ARS la R\u00e9union et l&#8217;Ordre des pharmaciens vous informent sur le nouvel\u00a0<a href=\"https:\/\/www.legifrance.gouv.fr\/jorf\/id\/JORFTEXT000049224186\" target=\"_blank\" rel=\"noreferrer noopener\">arr\u00eat\u00e9 du 01 mars 2024<\/a>\u00a0relatif\u00a0 aux forfaits aff\u00e9rents \u00e0 l&#8217;interruption volontaire de grossesse.<\/p>\n\n\n\n<h2 class=\"wp-block-heading\">Prix maximal de vente : Tarification des m\u00e9dicaments<\/h2>\n\n\n\n<figure class=\"wp-block-table\"><table><tbody><tr><td><strong>Le prix maximal de vente des m\u00e9dicaments pour l&#8217;IVG m\u00e9dicamenteuse est fix\u00e9 par\u00a0<\/strong>l&#8217;<strong>arr\u00eat\u00e9 du 1er mars 2024 et\u00a0<u>ne peut en aucun cas \u00eatre d\u00e9pass\u00e9<\/u>.<br>Les pharmaciens d\u2019officine doivent respecter les tarifs tels que d\u00e9finis ci-dessous.<\/strong><br><strong>Tableau des prix (\u20ac) des m\u00e9dicaments d\u00e9livr\u00e9s pour une interruption volontaire de grossesse par voie m\u00e9dicamenteuse, du montant du sous forfait m\u00e9dicament facturable par le m\u00e9decin, la sage-femme ou le pharmacien et du montant d l&#8217;honoraire de dispensation.<\/strong><\/td><\/tr><\/tbody><\/table><\/figure>\n\n\n\n<p><a href=\"https:\/\/drive.google.com\/file\/d\/1jVA_cfNYpj54NHtRYvKEBjKntDUGvvjW\/view?usp=drive_link\" target=\"_blank\" rel=\"noreferrer noopener\">Tableau des prix t\u00e9l\u00e9chargeable et imprimable<\/a><\/p>\n\n\n\n<figure class=\"wp-block-image size-full\"><img loading=\"lazy\" decoding=\"async\" width=\"924\" height=\"577\" src=\"https:\/\/urpspharma.re\/wp-content\/uploads\/2025\/02\/Tarification-arrete-du-01-mars-2024-1.png\" alt=\"\" class=\"wp-image-6913\" srcset=\"https:\/\/urpspharma.re\/wp-content\/uploads\/2025\/02\/Tarification-arrete-du-01-mars-2024-1.png 924w, https:\/\/urpspharma.re\/wp-content\/uploads\/2025\/02\/Tarification-arrete-du-01-mars-2024-1-300x187.png 300w, https:\/\/urpspharma.re\/wp-content\/uploads\/2025\/02\/Tarification-arrete-du-01-mars-2024-1-768x480.png 768w\" sizes=\"(max-width: 924px) 100vw, 924px\" \/><\/figure>\n\n\n\n<h2 class=\"wp-block-heading\">Quels sont les 2 modes de d\u00e9livrance des m\u00e9dicaments pour l&#8217;IVG m\u00e9dicamenteuse ?<\/h2>\n\n\n\n<p>Le pharmacien peut d\u00e9livrer en officine les m\u00e9dicaments \u00e0 base de<strong>\u00a0mif\u00e9pristone et de misoprostol\u00a0<\/strong>soit\u00a0<\/p>\n\n\n\n<div class=\"wp-block-columns is-layout-flex wp-container-core-columns-layout-1 wp-block-columns-is-layout-flex\">\n<div class=\"wp-block-column is-layout-flow wp-block-column-is-layout-flow\">\n<p><strong>1 &#8211; directement au&nbsp;m\u00e9decin&nbsp;ou \u00e0 la sage-femme<\/strong>&nbsp;(cas le plus rencontr\u00e9)<\/p>\n\n\n\n<p>Seuls les m\u00e9decins, les sages-femmes ayant conclu une convention peuvent s&#8217;approvisionner en m\u00e9dicaments n\u00e9cessaires \u00e0 la r\u00e9alisation d&#8217;une interruption volontaire de grossesse par voie m\u00e9dicamenteuse (<a href=\"https:\/\/www.legifrance.gouv.fr\/codes\/article_lc\/LEGIARTI000032634173\/2022-04-05\/\" target=\"_blank\" rel=\"noreferrer noopener\">Article R2212-16<\/a>).<\/p>\n\n\n\n<p><strong>Modalit\u00e9s de facturation<\/strong><br><br>Dans ce cas, la facturation est effectu\u00e9e au forfait soit au m\u00e9decin ou \u00e0 la sage-femme.<strong>Attention dans ce cas, le montant fixe de 4 euros d\u2019honoraire li\u00e9 \u00e0 cette dispensation particuli\u00e8re&nbsp;<u>ne s&#8217;ajoute pas au forfait m\u00e9dicament.<\/u><\/strong><\/p>\n\n\n\n<p><\/p>\n<\/div>\n\n\n\n<div class=\"wp-block-column is-layout-flow wp-block-column-is-layout-flow\">\n<p><strong>2 &#8211; directement \u00e0 la patiente&nbsp;<\/strong><\/p>\n\n\n\n<p>La d\u00e9livrance de ces m\u00e9dicaments directement \u00e0 la patiente est possible,&nbsp;<strong>uniquement dans le cadre des t\u00e9l\u00e9consultations et exclusivement sur transmission de l&#8217;ordonnance&nbsp;<\/strong>par le prescripteur conventionn\u00e9 (m\u00e9decin ou sage-femme)&nbsp;\u00e0 la<strong>&nbsp;pharmacie d\u2019officine d\u00e9sign\u00e9e pr\u00e9alablement par la patiente.<br><br>Avant la remise des m\u00e9dicaments \u00e0 la patiente,&nbsp;<\/strong>le pharmacien aura \u00e9t\u00e9 pr\u00e9alablement contact\u00e9 par le m\u00e9decin ou la sage-femme&nbsp;prescripteur.<\/p>\n\n\n\n<p><strong>Lors de la d\u00e9livrance des m\u00e9dicaments, le pharmacien&nbsp;:<\/strong><\/p>\n\n\n\n<ul>\n<li>appose sur l&#8217;ordonnance le timbre de la pharmacie d&#8217;officine et la date de d\u00e9livrance ;<\/li>\n\n\n\n<li>informe le prescripteur de la d\u00e9livrance des m\u00e9dicaments n\u00e9cessaires \u00e0 l&#8217;IVG.<\/li>\n<\/ul>\n<\/div>\n<\/div>\n\n\n\n<div class=\"wp-block-columns is-layout-flex wp-container-core-columns-layout-2 wp-block-columns-is-layout-flex\">\n<div class=\"wp-block-column is-layout-flow wp-block-column-is-layout-flow\" style=\"flex-basis:50%\">\n<p><\/p>\n<\/div>\n\n\n\n<div class=\"wp-block-column is-layout-flow wp-block-column-is-layout-flow\" style=\"flex-basis:50%\">\n<p><strong>Modalit\u00e9s de facturation<\/strong><br>Dans ce cas, la facturation est effectu\u00e9e au forfait \u00e0 l&#8217;Assurance maladie de fa\u00e7on anonyme et sans frais pour la patiente.<\/p>\n\n\n\n<p>Un montant fixe de&nbsp;<strong>4 euros d\u2019honoraire<\/strong>&nbsp;li\u00e9 \u00e0 cette dispensation particuli\u00e8re s&#8217;ajoute au forfait m\u00e9dicament.<\/p>\n\n\n\n<p>Pour assurer la gratuit\u00e9 et l\u2019anonymisation des d\u00e9livrances il convient de facturer sur un mod\u00e8le similaire \u00e0 celui de la contraception aux jeunes filles mineures.<\/p>\n\n\n\n<ul>\n<li>renseignez le NIR anonyme sp\u00e9cifique \u00ab&nbsp;<strong>IVG \u00bb 2 55 55 55 + code caisse + 030 ;<\/strong><\/li>\n\n\n\n<li>renseignez une date de naissance fictive :<strong>&nbsp;01.01.2014&nbsp;<\/strong>;<\/li>\n\n\n\n<li>renseignez syst\u00e9matiquement le code exon\u00e9ration&nbsp;<strong>EXO 3&nbsp;<\/strong>;<\/li>\n\n\n\n<li>\u00e9tablissez la facture en t\u00e9l\u00e9transmission Sesam sans Vitale.<\/li>\n<\/ul>\n<\/div>\n<\/div>\n\n\n\n<p>IVG m\u00e9dicamenteuse en \u00e9tablissement ou hors \u00e9tablissement de sant\u00e9 : <a href=\"https:\/\/ivg.gouv.fr\/sites\/ivg\/files\/2023-02\/Guide%20Pro%20IVG%20medicamenteuse.pdf\" target=\"_blank\" rel=\"noreferrer noopener\">Guide professionnel<\/a>\u00a0<\/p>\n\n\n\n<p>Liens utiles :<\/p>\n\n\n\n<ul>\n<li><a href=\"https:\/\/www.legifrance.gouv.fr\/affichTexte.do?cidTexte=JORFTEXT000032164949&amp;categorieLien=id\" target=\"_blank\" rel=\"noreferrer noopener\">Arr\u00eat\u00e9 du 26 f\u00e9vrier 2016<\/a><\/li>\n\n\n\n<li><a href=\"https:\/\/www.legifrance.gouv.fr\/loda\/id\/JORFTEXT000039626248\" target=\"_blank\" rel=\"noreferrer noopener\">Arr\u00eat\u00e9 de 2019<\/a>&nbsp;<\/li>\n\n\n\n<li><a href=\"https:\/\/www.legifrance.gouv.fr\/jorf\/id\/JORFTEXT000043575801?r=JtcCwMiTWq\" target=\"_blank\" rel=\"noreferrer noopener\">Arr\u00eat\u00e9 du 1er juin 2021<\/a><\/li>\n\n\n\n<li><a href=\"https:\/\/www.legifrance.gouv.fr\/jorf\/id\/JORFTEXT000045190889\" rel=\"noreferrer noopener\" target=\"_blank\">D\u00e9cret n\u00b0 2022-212 du 19 f\u00e9vrier 2022<\/a><\/li>\n\n\n\n<li><a href=\"https:\/\/www.legifrance.gouv.fr\/jorf\/id\/JORFTEXT000045287560\" rel=\"noreferrer noopener\" target=\"_blank\">Loi n\u00b02022-295 du 2 mars 2022 visant \u00e0 renforcer le droit \u00e0 l&#8217;avortement<\/a><\/li>\n\n\n\n<li><a href=\"https:\/\/www.legifrance.gouv.fr\/jorf\/id\/JORFTEXT000049224186\" target=\"_blank\" rel=\"noreferrer noopener\">Arr\u00eat\u00e9 du 01 mars 2024<\/a><\/li>\n<\/ul>\n\n\n\n<p>Site ameli :<br><a href=\"https:\/\/www.ameli.fr\/la-reunion\/pharmacien\/exercice-professionnel\/delivrance-produits-sante\/regles-delivrance-prise-charge\/medicaments-mifepristone-misoprostol-ivg-ville\" target=\"_blank\" rel=\"noreferrer noopener\">M\u00e9dicaments \u00e0 base de mif\u00e9pristone et de misoprostol pour les IVG en ville<\/a><br><a href=\"https:\/\/www.ameli.fr\/sites\/default\/files\/Documents\/677815\/document\/fiche-pharmacien-covid19-info_pharmacien-ivg-medicamenteuse_0.pdf\" target=\"_blank\" rel=\"noreferrer noopener\">Fiche pharmacien<\/a>&nbsp;: IVG m\u00e9dicamenteuse : conditions de d\u00e9livrance des m\u00e9dicaments aux femmes dont les mineures \u00e0 l&#8217;officine<br><a href=\"https:\/\/www.ameli.fr\/sites\/default\/files\/Documents\/677755\/document\/fiche-covid-19-pharmacien-ivg.pdf\" target=\"_blank\" rel=\"noreferrer noopener\">Fiche pharmacien&nbsp;<\/a>: Facturation de l&#8217;IVG<\/p>\n\n\n\n<p>Site ordre des pharmaciens :<br><a href=\"https:\/\/www.ordre.pharmacien.fr\/je-suis\/pharmacien\/pharmacien\/mon-exercice-professionnel\/les-fiches-professionnelles\/dispensation-a-l-officine-des-medicaments-pour-ivg-medicamenteuses-pratiquees-hors-etablissement-de-sante\" target=\"_blank\" rel=\"noreferrer noopener\">Dispensation \u00e0 l\u2019officine des m\u00e9dicaments pour IVG m\u00e9dicamenteuses pratiqu\u00e9es hors \u00e9tablissement de sant\u00e9<\/a><\/p>\n","protected":false},"excerpt":{"rendered":"<p>Tarification et d\u00e9livrance en officine Nouvel arr\u00eat\u00e9 mars 2024 Votre URPS ainsi que l&#8217;ARS la R\u00e9union et l&#8217;Ordre des pharmaciens vous informent sur le nouvel\u00a0arr\u00eat\u00e9 du 01 mars 2024\u00a0relatif\u00a0 aux forfaits aff\u00e9rents \u00e0 l&#8217;interruption volontaire de grossesse. Prix maximal de vente : Tarification des m\u00e9dicaments Le prix maximal de vente des m\u00e9dicaments pour l&#8217;IVG m\u00e9dicamenteuse&hellip;<\/p>\n","protected":false},"author":3,"featured_media":6129,"comment_status":"open","ping_status":"open","sticky":false,"template":"","format":"standard","meta":{"footnotes":""},"categories":[182],"tags":[822,239],"amp_enabled":true,"_links":{"self":[{"href":"https:\/\/urpspharma.re\/index.php?rest_route=\/wp\/v2\/posts\/6911"}],"collection":[{"href":"https:\/\/urpspharma.re\/index.php?rest_route=\/wp\/v2\/posts"}],"about":[{"href":"https:\/\/urpspharma.re\/index.php?rest_route=\/wp\/v2\/types\/post"}],"author":[{"embeddable":true,"href":"https:\/\/urpspharma.re\/index.php?rest_route=\/wp\/v2\/users\/3"}],"replies":[{"embeddable":true,"href":"https:\/\/urpspharma.re\/index.php?rest_route=%2Fwp%2Fv2%2Fcomments&post=6911"}],"version-history":[{"count":1,"href":"https:\/\/urpspharma.re\/index.php?rest_route=\/wp\/v2\/posts\/6911\/revisions"}],"predecessor-version":[{"id":6914,"href":"https:\/\/urpspharma.re\/index.php?rest_route=\/wp\/v2\/posts\/6911\/revisions\/6914"}],"wp:featuredmedia":[{"embeddable":true,"href":"https:\/\/urpspharma.re\/index.php?rest_route=\/wp\/v2\/media\/6129"}],"wp:attachment":[{"href":"https:\/\/urpspharma.re\/index.php?rest_route=%2Fwp%2Fv2%2Fmedia&parent=6911"}],"wp:term":[{"taxonomy":"category","embeddable":true,"href":"https:\/\/urpspharma.re\/index.php?rest_route=%2Fwp%2Fv2%2Fcategories&post=6911"},{"taxonomy":"post_tag","embeddable":true,"href":"https:\/\/urpspharma.re\/index.php?rest_route=%2Fwp%2Fv2%2Ftags&post=6911"}],"curies":[{"name":"wp","href":"https:\/\/api.w.org\/{rel}","templated":true}]}}