{"id":6952,"date":"2025-02-18T11:48:26","date_gmt":"2025-02-18T07:48:26","guid":{"rendered":"https:\/\/urpspharma.re\/?p=6952"},"modified":"2025-02-18T11:48:27","modified_gmt":"2025-02-18T07:48:27","slug":"diabete-sante-villagedudiabete","status":"publish","type":"post","link":"https:\/\/urpspharma.re\/?p=6952","title":{"rendered":"#Diab\u00e8te #Sant\u00e9 #villagedudiab\u00e8te"},"content":{"rendered":"\n<h2 class=\"wp-block-heading has-very-light-gray-to-cyan-bluish-gray-gradient-background has-background\">21 et 22 f\u00e9vrier 2025 &#8211; Nordev &#8211; Hall C<\/h2>\n\n\n\n<h1 class=\"wp-block-heading has-text-align-center\">Sensibiliser et accompagner les patients, leurs proches et les professionnels de sant\u00e9<\/h1>\n\n\n\n<p>1\u00e8re \u00e9dition du Village du Diab\u00e8te. Un \u00e9v\u00e9nement gratuit pour s\u2019informer, se faire d\u00e9pister et d\u00e9couvrir des solutions pour mieux pr\u00e9venir et vivre avec le diab\u00e8te.<\/p>\n\n\n\n<p>Ce projet marque une avanc\u00e9e majeure \u00e0 La R\u00e9union : pour la premi\u00e8re fois, un \u00e9v\u00e9nement d\u00e9di\u00e9 au diab\u00e8te est imagin\u00e9 et port\u00e9 par des associations de patients, en collaboration avec des professionnels de sant\u00e9. Cette approche novatrice a pour ambition de donner \u00e0 voir une vision plus proche des r\u00e9alit\u00e9s du quotidien en mettant en avant l&#8217;exp\u00e9rience et les besoins concrets des personnes concern\u00e9es.<br>L&#8217;objectif de ces deux journ\u00e9es est d\u2019offrir aux patients les outils n\u00e9cessaires pour devenir pleinement acteurs de leur sant\u00e9 et mieux g\u00e9rer leur maladie au quotidien. <\/p>\n\n\n\n<p>Tests de d\u00e9pistage, conseils sant\u00e9, ateliers bien-\u00eatre&#8230;<\/p>\n\n\n\n<p>>> <a href=\"https:\/\/www.lareunion.ars.sante.fr\/system\/files\/2025-02\/village_du_diabete_programme_14022025.pdf\" data-type=\"link\" data-id=\"https:\/\/www.lareunion.ars.sante.fr\/system\/files\/2025-02\/village_du_diabete_programme_14022025.pdf\" target=\"_blank\" rel=\"noreferrer noopener\">Programme <\/a><\/p>\n\n\n\n<figure class=\"wp-block-image size-full\"><img loading=\"lazy\" decoding=\"async\" width=\"800\" height=\"583\" src=\"https:\/\/urpspharma.re\/wp-content\/uploads\/2025\/02\/village-diabete-21-et-22-fevrier-2025.jpg\" alt=\"\" class=\"wp-image-6955\" srcset=\"https:\/\/urpspharma.re\/wp-content\/uploads\/2025\/02\/village-diabete-21-et-22-fevrier-2025.jpg 800w, https:\/\/urpspharma.re\/wp-content\/uploads\/2025\/02\/village-diabete-21-et-22-fevrier-2025-300x219.jpg 300w, https:\/\/urpspharma.re\/wp-content\/uploads\/2025\/02\/village-diabete-21-et-22-fevrier-2025-768x560.jpg 768w\" sizes=\"(max-width: 800px) 100vw, 800px\" \/><\/figure>\n\n\n\n<div class=\"wp-block-columns is-layout-flex wp-container-core-columns-layout-1 wp-block-columns-is-layout-flex\">\n<div class=\"wp-block-column is-layout-flow wp-block-column-is-layout-flow\" style=\"flex-basis:50%\"><\/div>\n\n\n\n<div class=\"wp-block-column is-layout-flow wp-block-column-is-layout-flow\" style=\"flex-basis:50%\"><\/div>\n<\/div>\n\n\n\n<p><\/p>\n","protected":false},"excerpt":{"rendered":"<p>21 et 22 f\u00e9vrier 2025 &#8211; Nordev &#8211; Hall C Sensibiliser et accompagner les patients, leurs proches et les professionnels de sant\u00e9 1\u00e8re \u00e9dition du Village du Diab\u00e8te. Un \u00e9v\u00e9nement gratuit pour s\u2019informer, se faire d\u00e9pister et d\u00e9couvrir des solutions pour mieux pr\u00e9venir et vivre avec le diab\u00e8te. Ce projet marque une avanc\u00e9e majeure \u00e0&hellip;<\/p>\n","protected":false},"author":3,"featured_media":6955,"comment_status":"open","ping_status":"open","sticky":false,"template":"","format":"standard","meta":{"footnotes":""},"categories":[182,183],"tags":[824,825,239,823],"amp_enabled":true,"_links":{"self":[{"href":"https:\/\/urpspharma.re\/index.php?rest_route=\/wp\/v2\/posts\/6952"}],"collection":[{"href":"https:\/\/urpspharma.re\/index.php?rest_route=\/wp\/v2\/posts"}],"about":[{"href":"https:\/\/urpspharma.re\/index.php?rest_route=\/wp\/v2\/types\/post"}],"author":[{"embeddable":true,"href":"https:\/\/urpspharma.re\/index.php?rest_route=\/wp\/v2\/users\/3"}],"replies":[{"embeddable":true,"href":"https:\/\/urpspharma.re\/index.php?rest_route=%2Fwp%2Fv2%2Fcomments&post=6952"}],"version-history":[{"count":3,"href":"https:\/\/urpspharma.re\/index.php?rest_route=\/wp\/v2\/posts\/6952\/revisions"}],"predecessor-version":[{"id":6956,"href":"https:\/\/urpspharma.re\/index.php?rest_route=\/wp\/v2\/posts\/6952\/revisions\/6956"}],"wp:featuredmedia":[{"embeddable":true,"href":"https:\/\/urpspharma.re\/index.php?rest_route=\/wp\/v2\/media\/6955"}],"wp:attachment":[{"href":"https:\/\/urpspharma.re\/index.php?rest_route=%2Fwp%2Fv2%2Fmedia&parent=6952"}],"wp:term":[{"taxonomy":"category","embeddable":true,"href":"https:\/\/urpspharma.re\/index.php?rest_route=%2Fwp%2Fv2%2Fcategories&post=6952"},{"taxonomy":"post_tag","embeddable":true,"href":"https:\/\/urpspharma.re\/index.php?rest_route=%2Fwp%2Fv2%2Ftags&post=6952"}],"curies":[{"name":"wp","href":"https:\/\/api.w.org\/{rel}","templated":true}]}}