{"id":6961,"date":"2025-02-18T12:12:13","date_gmt":"2025-02-18T08:12:13","guid":{"rendered":"https:\/\/urpspharma.re\/?p=6961"},"modified":"2025-02-18T12:12:14","modified_gmt":"2025-02-18T08:12:14","slug":"journee-nationale-des-urps-pharmaciens","status":"publish","type":"post","link":"https:\/\/urpspharma.re\/?p=6961","title":{"rendered":"#Journ\u00e9e Nationale des URPS Pharmaciens"},"content":{"rendered":"\n<h2 class=\"wp-block-heading has-text-align-center has-very-light-gray-to-cyan-bluish-gray-gradient-background has-background\">Le 10 mars 2025 &#8211; Cit\u00e9 Internationale Universitaire de Paris<\/h2>\n\n\n\n<p><\/p>\n\n\n\n<h1 class=\"wp-block-heading has-text-align-center\">Pharmaciens en action : pr\u00e9vention &amp; enjeux de sant\u00e9<\/h1>\n\n\n\n<p>L\u2019URPS Pharmaciens Ile-de-France vous convie \u00e0 la 12\u00e8me \u00e9dition de la Journ\u00e9e Nationale des URPS Pharmaciens.<\/p>\n\n\n\n<figure class=\"wp-block-image size-full\"><img loading=\"lazy\" decoding=\"async\" width=\"600\" height=\"314\" src=\"https:\/\/urpspharma.re\/wp-content\/uploads\/2025\/02\/AFFICHE.jpg\" alt=\"\" class=\"wp-image-6963\" srcset=\"https:\/\/urpspharma.re\/wp-content\/uploads\/2025\/02\/AFFICHE.jpg 600w, https:\/\/urpspharma.re\/wp-content\/uploads\/2025\/02\/AFFICHE-300x157.jpg 300w\" sizes=\"(max-width: 600px) 100vw, 600px\" \/><\/figure>\n\n\n\n<p>L&#8217;\u00e9quipe de l&#8217;URPS Pharmaciens IDF reste \u00e0 votre disposition par\u00a0<a href=\"mailto:secretariat@urps-pharmaciens-idf.fr\" target=\"_blank\" rel=\"noreferrer noopener\">mail<\/a>\u00a0ou par t\u00e9l\u00e9phone 01 45 48 98 09 pour tous renseignements suppl\u00e9mentaires.\u00a0<\/p>\n\n\n\n<p>>> <a href=\"https:\/\/www.urps-pharmaciens-idf.fr\/wp-content\/uploads\/2025\/02\/Programme-A4-2025-mail.pdf\" data-type=\"link\" data-id=\"https:\/\/www.urps-pharmaciens-idf.fr\/wp-content\/uploads\/2025\/02\/Programme-A4-2025-mail.pdf\" target=\"_blank\" rel=\"noreferrer noopener\">Programme<\/a><\/p>\n\n\n\n<p><\/p>\n\n\n\n<div class=\"wp-block-media-text is-stacked-on-mobile\" style=\"grid-template-columns:40% auto\"><figure class=\"wp-block-media-text__media\"><a href=\"https:\/\/cutt.ly\/Formation_Tabaco_Special_Pharmacie_Ven_15_Nov_2024_9h_17h\" target=\"_blank\" rel=\"noreferrer noopener\"><img loading=\"lazy\" decoding=\"async\" width=\"417\" height=\"590\" src=\"https:\/\/urpspharma.re\/wp-content\/uploads\/2025\/02\/PROGRAMME.jpg\" alt=\"\" class=\"wp-image-6962 size-full\" srcset=\"https:\/\/urpspharma.re\/wp-content\/uploads\/2025\/02\/PROGRAMME.jpg 417w, https:\/\/urpspharma.re\/wp-content\/uploads\/2025\/02\/PROGRAMME-212x300.jpg 212w\" sizes=\"(max-width: 417px) 100vw, 417px\" \/><\/a><\/figure><div class=\"wp-block-media-text__content\">\n<p><em>L&#8217;inscription vous permet l&#8217;acc\u00e8s \u00e0 <strong>n&#8217;importe quel moment de la journ\u00e9e<\/strong>, matin et\/ou apr\u00e8s-midi.&nbsp;<\/em><\/p>\n\n\n\n<p><em>Si vous \u00eates plusieurs, merci de remplir plusieurs fiches.&nbsp;<\/em><\/p>\n\n\n\n<div class=\"wp-block-buttons is-layout-flex wp-block-buttons-is-layout-flex\">\n<div class=\"wp-block-button has-custom-width wp-block-button__width-100 is-style-fill\"><a class=\"wp-block-button__link has-vivid-red-background-color has-background wp-element-button\" href=\"https:\/\/docs.google.com\/forms\/d\/e\/1FAIpQLSeZVl8qrdr9f1YjDVOtwlI5rx03NBFYOU4QfekO_LSRrRjFQA\/viewform\" target=\"_blank\" rel=\"noreferrer noopener\">>> Inscription en cliquant ICI<\/a><\/div>\n<\/div>\n<\/div><\/div>\n\n\n\n<p><\/p>\n","protected":false},"excerpt":{"rendered":"<p>Le 10 mars 2025 &#8211; Cit\u00e9 Internationale Universitaire de Paris Pharmaciens en action : pr\u00e9vention &amp; enjeux de sant\u00e9 L\u2019URPS Pharmaciens Ile-de-France vous convie \u00e0 la 12\u00e8me \u00e9dition de la Journ\u00e9e Nationale des URPS Pharmaciens. L&#8217;\u00e9quipe de l&#8217;URPS Pharmaciens IDF reste \u00e0 votre disposition par\u00a0mail\u00a0ou par t\u00e9l\u00e9phone 01 45 48 98 09 pour tous renseignements&hellip;<\/p>\n","protected":false},"author":3,"featured_media":6963,"comment_status":"open","ping_status":"open","sticky":false,"template":"","format":"standard","meta":{"footnotes":""},"categories":[182],"tags":[829,830,239],"amp_enabled":true,"_links":{"self":[{"href":"https:\/\/urpspharma.re\/index.php?rest_route=\/wp\/v2\/posts\/6961"}],"collection":[{"href":"https:\/\/urpspharma.re\/index.php?rest_route=\/wp\/v2\/posts"}],"about":[{"href":"https:\/\/urpspharma.re\/index.php?rest_route=\/wp\/v2\/types\/post"}],"author":[{"embeddable":true,"href":"https:\/\/urpspharma.re\/index.php?rest_route=\/wp\/v2\/users\/3"}],"replies":[{"embeddable":true,"href":"https:\/\/urpspharma.re\/index.php?rest_route=%2Fwp%2Fv2%2Fcomments&post=6961"}],"version-history":[{"count":2,"href":"https:\/\/urpspharma.re\/index.php?rest_route=\/wp\/v2\/posts\/6961\/revisions"}],"predecessor-version":[{"id":6965,"href":"https:\/\/urpspharma.re\/index.php?rest_route=\/wp\/v2\/posts\/6961\/revisions\/6965"}],"wp:featuredmedia":[{"embeddable":true,"href":"https:\/\/urpspharma.re\/index.php?rest_route=\/wp\/v2\/media\/6963"}],"wp:attachment":[{"href":"https:\/\/urpspharma.re\/index.php?rest_route=%2Fwp%2Fv2%2Fmedia&parent=6961"}],"wp:term":[{"taxonomy":"category","embeddable":true,"href":"https:\/\/urpspharma.re\/index.php?rest_route=%2Fwp%2Fv2%2Fcategories&post=6961"},{"taxonomy":"post_tag","embeddable":true,"href":"https:\/\/urpspharma.re\/index.php?rest_route=%2Fwp%2Fv2%2Ftags&post=6961"}],"curies":[{"name":"wp","href":"https:\/\/api.w.org\/{rel}","templated":true}]}}