{"id":6978,"date":"2025-02-26T08:34:06","date_gmt":"2025-02-26T04:34:06","guid":{"rendered":"https:\/\/urpspharma.re\/?p=6978"},"modified":"2025-03-04T09:40:22","modified_gmt":"2025-03-04T05:40:22","slug":"alerte-orange-cyclonique-professionnels-de-sante-liberaux","status":"publish","type":"post","link":"https:\/\/urpspharma.re\/?p=6978","title":{"rendered":"#Alerte orange cyclonique : Professionnels de sant\u00e9 lib\u00e9raux"},"content":{"rendered":"\n<h2 class=\"wp-block-heading has-text-align-center has-very-light-gray-to-cyan-bluish-gray-gradient-background has-background\">Mercredi 26 f\u00e9vrier 2024 \u00e0 14h00<\/h2>\n\n\n\n<p><\/p>\n\n\n\n<h1 class=\"wp-block-heading has-text-align-center\">D\u00e9clenchement de l&#8217;alerte orange cyclonique<\/h1>\n\n\n\n<p>L&#8217;alerte orange cyclonique sera effective le 26\/02\/2025 \u00e0 14h00<\/p>\n\n\n\n<p>Veuillez-vous tenir inform\u00e9s des phases de l\u2019alerte cyclonique jusqu\u2019\u00e0 la phase de sauvegarde.<\/p>\n\n\n\n<p>Rappel des mesures \u00e0 prendre \u00e0 votre niveau.<\/p>\n\n\n\n<p>Il est attendu que&nbsp;:<\/p>\n\n\n\n<p>\u208b&nbsp;&nbsp;&nbsp;&nbsp;&nbsp;&nbsp;&nbsp;Les soignants qui coordonnent la prise en charge des personnes vuln\u00e9rables :<\/p>\n\n\n\n<ul>\n<li>Confirment la n\u00e9cessit\u00e9 d\u2019une prise en charge dans une structure adapt\u00e9e,<\/li>\n<\/ul>\n\n\n\n<ul>\n<li>V\u00e9rifient et compl\u00e8tent au besoin, le dossier de transmission.<\/li>\n<\/ul>\n\n\n\n<p>\u208b&nbsp;&nbsp;&nbsp;&nbsp;&nbsp;&nbsp;&nbsp;Les professionnels maintiennent leur activit\u00e9 normalement jusqu\u2019en alerte rouge.<\/p>\n\n\n\n<p>\u208b&nbsp;&nbsp;&nbsp;&nbsp;&nbsp;&nbsp;&nbsp;Les professionnels de sant\u00e9 lib\u00e9raux informent l\u2019ARS des difficult\u00e9s rencontr\u00e9es dans la pr\u00e9paration de la mise \u00e0 l\u2019abri des patients vuln\u00e9rables.<\/p>\n\n\n\n<p>Par mail \u00e0&nbsp;<a href=\"mailto:ars-reunion-signal@ars.sante.fr\" target=\"_blank\" rel=\"noreferrer noopener\">ars-reunion-signal@ars.sante.fr<\/a>&nbsp;ou&nbsp;<a href=\"mailto:ars-reunion-crise@ars.sante.fr\" target=\"_blank\" rel=\"noreferrer noopener\">ars-reunion-crise@ars.sante.fr<\/a>&nbsp;ou par t\u00e9l\u00e9phone (en heures ouvr\u00e9es) au 02 62 93 94 15.<\/p>\n\n\n\n<h2 class=\"wp-block-heading\">Informations officielles de la Pr\u00e9fecture de La R\u00e9union et M\u00e9t\u00e9o-France R\u00e9union.<\/h2>\n\n\n\n<p>Site de la pr\u00e9fecture de la R\u00e9union : <a href=\"https:\/\/www.reunion.gouv.fr\/Actualites\/Communique-de-presse\/Pre-alerte-cyclonique-Je-m-informe-et-j-anticipe\">https:\/\/www.reunion.gouv.fr\/Actualites\/Communique-de-presse\/Pre-alerte-cyclonique-Je-m-informe-et-j-anticipe<\/a><\/p>\n\n\n\n<p>Restez inform\u00e9s sur WhatsApp : <a href=\"https:\/\/whatsapp.com\/channel\/0029VatmPoPA2pLERbiaMH0w?fbclid=IwZXh0bgNhZW0CMTAAAR2jzB8nRa-3O5acKnT5Az7b5klmXH6wWgM4ne6OUrqrTtZdEhvkprjitLM_aem_Ie09yV1WiNWYJFDEbZOr2w\" target=\"_blank\" rel=\"noreferrer noopener\">https:\/\/whatsapp.com\/channel\/0029VatmPoPA2pLERbiaMH0w<\/a><\/p>\n\n\n\n<figure class=\"wp-block-image size-full\"><img loading=\"lazy\" decoding=\"async\" width=\"716\" height=\"600\" src=\"https:\/\/urpspharma.re\/wp-content\/uploads\/2025\/02\/Alerte-orange.jpg\" alt=\"\" class=\"wp-image-6979\" srcset=\"https:\/\/urpspharma.re\/wp-content\/uploads\/2025\/02\/Alerte-orange.jpg 716w, https:\/\/urpspharma.re\/wp-content\/uploads\/2025\/02\/Alerte-orange-300x251.jpg 300w\" sizes=\"(max-width: 716px) 100vw, 716px\" \/><\/figure>\n\n\n\n<p><\/p>\n","protected":false},"excerpt":{"rendered":"<p>Mercredi 26 f\u00e9vrier 2024 \u00e0 14h00 D\u00e9clenchement de l&#8217;alerte orange cyclonique L&#8217;alerte orange cyclonique sera effective le 26\/02\/2025 \u00e0 14h00 Veuillez-vous tenir inform\u00e9s des phases de l\u2019alerte cyclonique jusqu\u2019\u00e0 la phase de sauvegarde. Rappel des mesures \u00e0 prendre \u00e0 votre niveau. Il est attendu que&nbsp;: \u208b&nbsp;&nbsp;&nbsp;&nbsp;&nbsp;&nbsp;&nbsp;Les soignants qui coordonnent la prise en charge des personnes&hellip;<\/p>\n","protected":false},"author":3,"featured_media":6981,"comment_status":"open","ping_status":"open","sticky":false,"template":"","format":"standard","meta":{"footnotes":""},"categories":[182],"tags":[833,832,239],"amp_enabled":true,"_links":{"self":[{"href":"https:\/\/urpspharma.re\/index.php?rest_route=\/wp\/v2\/posts\/6978"}],"collection":[{"href":"https:\/\/urpspharma.re\/index.php?rest_route=\/wp\/v2\/posts"}],"about":[{"href":"https:\/\/urpspharma.re\/index.php?rest_route=\/wp\/v2\/types\/post"}],"author":[{"embeddable":true,"href":"https:\/\/urpspharma.re\/index.php?rest_route=\/wp\/v2\/users\/3"}],"replies":[{"embeddable":true,"href":"https:\/\/urpspharma.re\/index.php?rest_route=%2Fwp%2Fv2%2Fcomments&post=6978"}],"version-history":[{"count":2,"href":"https:\/\/urpspharma.re\/index.php?rest_route=\/wp\/v2\/posts\/6978\/revisions"}],"predecessor-version":[{"id":7005,"href":"https:\/\/urpspharma.re\/index.php?rest_route=\/wp\/v2\/posts\/6978\/revisions\/7005"}],"wp:featuredmedia":[{"embeddable":true,"href":"https:\/\/urpspharma.re\/index.php?rest_route=\/wp\/v2\/media\/6981"}],"wp:attachment":[{"href":"https:\/\/urpspharma.re\/index.php?rest_route=%2Fwp%2Fv2%2Fmedia&parent=6978"}],"wp:term":[{"taxonomy":"category","embeddable":true,"href":"https:\/\/urpspharma.re\/index.php?rest_route=%2Fwp%2Fv2%2Fcategories&post=6978"},{"taxonomy":"post_tag","embeddable":true,"href":"https:\/\/urpspharma.re\/index.php?rest_route=%2Fwp%2Fv2%2Ftags&post=6978"}],"curies":[{"name":"wp","href":"https:\/\/api.w.org\/{rel}","templated":true}]}}