{"id":6986,"date":"2025-02-27T09:56:59","date_gmt":"2025-02-27T05:56:59","guid":{"rendered":"https:\/\/urpspharma.re\/?p=6986"},"modified":"2025-03-04T09:41:16","modified_gmt":"2025-03-04T05:41:16","slug":"alerte-rouge-cyclonique-professionnels-de-sante-liberaux","status":"publish","type":"post","link":"https:\/\/urpspharma.re\/?p=6986","title":{"rendered":"#Alerte rouge cyclonique : Professionnels de sant\u00e9 lib\u00e9raux"},"content":{"rendered":"\n<h2 class=\"wp-block-heading has-text-align-center has-very-light-gray-to-cyan-bluish-gray-gradient-background has-background\">Jeudi 27 f\u00e9vrier 2024 \u00e0 19h00<\/h2>\n\n\n\n<p><\/p>\n\n\n\n<h1 class=\"wp-block-heading has-text-align-center\">D\u00e9clenchement de l&#8217;alerte rouge cyclonique<\/h1>\n\n\n\n<p>L&#8217;alerte rouge cyclonique sera effective le 27\/02\/2025 \u00e0 19h00<\/p>\n\n\n\n<p>Veuillez-vous tenir inform\u00e9s des phases de l\u2019alerte cyclonique jusqu\u2019\u00e0 la phase de sauvegarde.<\/p>\n\n\n\n<p>Rappel des mesures \u00e0 prendre \u00e0 votre niveau.<\/p>\n\n\n\n<p>Il est attendu que&nbsp;:<\/p>\n\n\n\n<p>\u208b&nbsp;&nbsp;&nbsp;&nbsp;&nbsp;&nbsp;&nbsp;L\u2019activit\u00e9 des professionnels lib\u00e9raux s\u2019arr\u00eate en alerte rouge<\/p>\n\n\n\n<p>\u208b&nbsp;&nbsp;&nbsp;&nbsp;&nbsp;&nbsp;&nbsp;Les professionnels de sant\u00e9 lib\u00e9raux informent l\u2019ARS des difficult\u00e9s qui peuvent subsister pour la mise \u00e0 l\u2019abri des patients vuln\u00e9rables.<\/p>\n\n\n\n<p><strong>Coordonn\u00e9es de la salle de crise&nbsp;:<\/strong><\/p>\n\n\n\n<p>Par mail \u00e0&nbsp;<a href=\"mailto:ars-reunion-crise@ars.sante.fr\" target=\"_blank\" rel=\"noreferrer noopener\">ars-reunion-crise@ars.sante.fr<\/a>&nbsp;ou par t\u00e9l\u00e9phone au 0262 21 87 88<\/p>\n\n\n\n<p><a href=\"mailto:ars-reunion-signal@ars.sante.fr\" target=\"_blank\" rel=\"noreferrer noopener\">@ars.sante.fr<\/a>&nbsp;ou&nbsp;<a href=\"mailto:ars-reunion-crise@ars.sante.fr\" target=\"_blank\" rel=\"noreferrer noopener\">ars-reunion-crise@ars.sante.fr<\/a>&nbsp;ou par t\u00e9l\u00e9phone (en heures ouvr\u00e9es) au 02 62 93 94 15.<\/p>\n\n\n\n<h2 class=\"wp-block-heading\">Informations officielles de la Pr\u00e9fecture de La R\u00e9union et M\u00e9t\u00e9o-France R\u00e9union.<\/h2>\n\n\n\n<p>Site de la pr\u00e9fecture de la R\u00e9union : <a href=\"https:\/\/www.reunion.gouv.fr\/Actualites\/Cyclone-Garance\/Alerte-rouge-cyclonique-Je-me-confine-pour-ne-courir-aucun-risque\">https:\/\/www.reunion.gouv.fr\/Actualites\/Cyclone-Garance\/Alerte-rouge-cyclonique-Je-me-confine-pour-ne-courir-aucun-risque<\/a><\/p>\n\n\n\n<p>Restez inform\u00e9s sur WhatsApp : <a href=\"https:\/\/whatsapp.com\/channel\/0029VatmPoPA2pLERbiaMH0w?fbclid=IwZXh0bgNhZW0CMTAAAR2jzB8nRa-3O5acKnT5Az7b5klmXH6wWgM4ne6OUrqrTtZdEhvkprjitLM_aem_Ie09yV1WiNWYJFDEbZOr2w\" target=\"_blank\" rel=\"noreferrer noopener\">https:\/\/whatsapp.com\/channel\/0029VatmPoPA2pLERbiaMH0w<\/a><\/p>\n\n\n\n<h3 class=\"wp-block-heading\">Ouverture des centres d\u2019h\u00e9bergement et des centres de vie<\/h3>\n\n\n\n<p>Les personnes ne pouvant trouver un abri s\u00fbr doivent s\u2019orienter vers&nbsp;<strong>un centre d\u2019h\u00e9bergement<\/strong>.<\/p>\n\n\n\n<p>Les malades autonomes, mais qui ont besoin d\u2019\u00e9lectricit\u00e9 pour assurer la continuit\u00e9 de leurs dispositifs m\u00e9dicaux, peuvent se rendre dans l\u2019un des&nbsp;<strong>6 centres de vie<\/strong>.<\/p>\n\n\n\n<p>Retrouvez la liste des centres de vie et d\u2019h\u00e9bergement sur le site de la pr\u00e9fecture&nbsp;:&nbsp;&nbsp;<a href=\"https:\/\/www.reunion.gouv.fr\/Actualites\/Cyclone-Garance\/Les-centres-d-hebergement\">https:\/\/www.reunion.gouv.fr\/Actualites\/Cyclone-Garance\/Les-centres-d-hebergement<\/a>.<\/p>\n\n\n\n<p><\/p>\n\n\n\n<figure class=\"wp-block-image size-full\"><img loading=\"lazy\" decoding=\"async\" width=\"716\" height=\"600\" src=\"https:\/\/urpspharma.re\/wp-content\/uploads\/2025\/02\/Alerte-rouge.jpg\" alt=\"\" class=\"wp-image-6988\" srcset=\"https:\/\/urpspharma.re\/wp-content\/uploads\/2025\/02\/Alerte-rouge.jpg 716w, https:\/\/urpspharma.re\/wp-content\/uploads\/2025\/02\/Alerte-rouge-300x251.jpg 300w\" sizes=\"(max-width: 716px) 100vw, 716px\" \/><\/figure>\n\n\n\n<p><\/p>\n","protected":false},"excerpt":{"rendered":"<p>Jeudi 27 f\u00e9vrier 2024 \u00e0 19h00 D\u00e9clenchement de l&#8217;alerte rouge cyclonique L&#8217;alerte rouge cyclonique sera effective le 27\/02\/2025 \u00e0 19h00 Veuillez-vous tenir inform\u00e9s des phases de l\u2019alerte cyclonique jusqu\u2019\u00e0 la phase de sauvegarde. Rappel des mesures \u00e0 prendre \u00e0 votre niveau. Il est attendu que&nbsp;: \u208b&nbsp;&nbsp;&nbsp;&nbsp;&nbsp;&nbsp;&nbsp;L\u2019activit\u00e9 des professionnels lib\u00e9raux s\u2019arr\u00eate en alerte rouge \u208b&nbsp;&nbsp;&nbsp;&nbsp;&nbsp;&nbsp;&nbsp;Les professionnels&hellip;<\/p>\n","protected":false},"author":3,"featured_media":6990,"comment_status":"open","ping_status":"open","sticky":false,"template":"","format":"standard","meta":{"footnotes":""},"categories":[182],"tags":[834,832,239],"amp_enabled":true,"_links":{"self":[{"href":"https:\/\/urpspharma.re\/index.php?rest_route=\/wp\/v2\/posts\/6986"}],"collection":[{"href":"https:\/\/urpspharma.re\/index.php?rest_route=\/wp\/v2\/posts"}],"about":[{"href":"https:\/\/urpspharma.re\/index.php?rest_route=\/wp\/v2\/types\/post"}],"author":[{"embeddable":true,"href":"https:\/\/urpspharma.re\/index.php?rest_route=\/wp\/v2\/users\/3"}],"replies":[{"embeddable":true,"href":"https:\/\/urpspharma.re\/index.php?rest_route=%2Fwp%2Fv2%2Fcomments&post=6986"}],"version-history":[{"count":2,"href":"https:\/\/urpspharma.re\/index.php?rest_route=\/wp\/v2\/posts\/6986\/revisions"}],"predecessor-version":[{"id":7006,"href":"https:\/\/urpspharma.re\/index.php?rest_route=\/wp\/v2\/posts\/6986\/revisions\/7006"}],"wp:featuredmedia":[{"embeddable":true,"href":"https:\/\/urpspharma.re\/index.php?rest_route=\/wp\/v2\/media\/6990"}],"wp:attachment":[{"href":"https:\/\/urpspharma.re\/index.php?rest_route=%2Fwp%2Fv2%2Fmedia&parent=6986"}],"wp:term":[{"taxonomy":"category","embeddable":true,"href":"https:\/\/urpspharma.re\/index.php?rest_route=%2Fwp%2Fv2%2Fcategories&post=6986"},{"taxonomy":"post_tag","embeddable":true,"href":"https:\/\/urpspharma.re\/index.php?rest_route=%2Fwp%2Fv2%2Ftags&post=6986"}],"curies":[{"name":"wp","href":"https:\/\/api.w.org\/{rel}","templated":true}]}}