{"id":6994,"date":"2025-03-01T13:07:00","date_gmt":"2025-03-01T09:07:00","guid":{"rendered":"https:\/\/urpspharma.re\/?p=6994"},"modified":"2025-03-04T09:42:33","modified_gmt":"2025-03-04T05:42:33","slug":"phase-de-sauvegarde-professionnels-de-sante-liberaux","status":"publish","type":"post","link":"https:\/\/urpspharma.re\/?p=6994","title":{"rendered":"#Phase de sauvegarde : Professionnels de sant\u00e9 lib\u00e9raux"},"content":{"rendered":"\n<h2 class=\"wp-block-heading has-text-align-center has-very-light-gray-to-cyan-bluish-gray-gradient-background has-background\">Samedi 1er mars 2024 \u00e0 10h00<\/h2>\n\n\n\n<p><\/p>\n\n\n\n<h1 class=\"wp-block-heading has-text-align-center\">Reprise de l&#8217;activit\u00e9<\/h1>\n\n\n\n<p>La phase de sauvegarde sera effective le 01\/03\/2025 \u00e0 10h00<\/p>\n\n\n\n<p>V\u00e9rifier les mesures \u00e0 prendre \u00e0 votre niveau et de vous tenir inform\u00e9s des conditions m\u00e9t\u00e9o et de l\u2019\u00e9tat des routes.<\/p>\n\n\n\n<p>La reprise des activit\u00e9s peut avoir lieu.<\/p>\n\n\n\n<p>La cellule de crise informe l\u2019ARS de toutes les difficult\u00e9s rencontr\u00e9es qu\u2019elles soient mat\u00e9rielles, structurelles ou de fonctionnement et ce jusqu&#8217;\u00e0 la fin de l\u2019alerte.<\/p>\n\n\n\n<p>Par mail \u00e0&nbsp;<a href=\"mailto:ars-reunion-signal@ars.sante.fr\" target=\"_blank\" rel=\"noreferrer noopener\">ars-reunion-signal@ars.sante.fr<\/a>&nbsp;ou&nbsp;<a href=\"mailto:ars-reunion-crise@ars.sante.fr\" target=\"_blank\" rel=\"noreferrer noopener\">ars-reunion-crise@ars.sante.fr<\/a>&nbsp;ou par t\u00e9l\u00e9phone (en heures ouvr\u00e9es) au 02 62 21 87 88<\/p>\n\n\n\n<p>Veuillez-vous tenir inform\u00e9s jusqu\u2019\u00e0 la lev\u00e9e de la phase de sauvegarde.<\/p>\n\n\n\n<p><\/p>\n\n\n\n<h2 class=\"wp-block-heading\">Informations officielles de la Pr\u00e9fecture de La R\u00e9union et M\u00e9t\u00e9o-France R\u00e9union.<\/h2>\n\n\n\n<p>Site de la pr\u00e9fecture de la R\u00e9union : <a href=\"https:\/\/www.reunion.gouv.fr\/Actualites\/Cyclone-Garance\/Cyclone-Garance-passage-en-phase-de-sauvegarde\" target=\"_blank\" rel=\"noreferrer noopener\">https:\/\/www.reunion.gouv.fr\/Actualites\/Cyclone-Garance\/Cyclone-Garance-passage-en-phase-de-sauvegarde<\/a><\/p>\n\n\n\n<p>Point de situation : <a href=\"https:\/\/www.reunion.gouv.fr\/Actualites\/Cyclone-Garance\" target=\"_blank\" rel=\"noreferrer noopener\">https:\/\/www.reunion.gouv.fr\/Actualites\/Cyclone-Garance<\/a><\/p>\n\n\n\n<figure class=\"wp-block-image size-full\"><img loading=\"lazy\" decoding=\"async\" width=\"940\" height=\"788\" src=\"https:\/\/urpspharma.re\/wp-content\/uploads\/2025\/03\/PHASE-DE-SAUVEGARDE.png\" alt=\"\" class=\"wp-image-6996\" srcset=\"https:\/\/urpspharma.re\/wp-content\/uploads\/2025\/03\/PHASE-DE-SAUVEGARDE.png 940w, https:\/\/urpspharma.re\/wp-content\/uploads\/2025\/03\/PHASE-DE-SAUVEGARDE-300x251.png 300w, https:\/\/urpspharma.re\/wp-content\/uploads\/2025\/03\/PHASE-DE-SAUVEGARDE-768x644.png 768w\" sizes=\"(max-width: 940px) 100vw, 940px\" \/><\/figure>\n\n\n\n<p><\/p>\n","protected":false},"excerpt":{"rendered":"<p>Samedi 1er mars 2024 \u00e0 10h00 Reprise de l&#8217;activit\u00e9 La phase de sauvegarde sera effective le 01\/03\/2025 \u00e0 10h00 V\u00e9rifier les mesures \u00e0 prendre \u00e0 votre niveau et de vous tenir inform\u00e9s des conditions m\u00e9t\u00e9o et de l\u2019\u00e9tat des routes. La reprise des activit\u00e9s peut avoir lieu. La cellule de crise informe l\u2019ARS de toutes&hellip;<\/p>\n","protected":false},"author":3,"featured_media":6996,"comment_status":"open","ping_status":"open","sticky":false,"template":"","format":"standard","meta":{"footnotes":""},"categories":[182],"tags":[832,835,239],"amp_enabled":true,"_links":{"self":[{"href":"https:\/\/urpspharma.re\/index.php?rest_route=\/wp\/v2\/posts\/6994"}],"collection":[{"href":"https:\/\/urpspharma.re\/index.php?rest_route=\/wp\/v2\/posts"}],"about":[{"href":"https:\/\/urpspharma.re\/index.php?rest_route=\/wp\/v2\/types\/post"}],"author":[{"embeddable":true,"href":"https:\/\/urpspharma.re\/index.php?rest_route=\/wp\/v2\/users\/3"}],"replies":[{"embeddable":true,"href":"https:\/\/urpspharma.re\/index.php?rest_route=%2Fwp%2Fv2%2Fcomments&post=6994"}],"version-history":[{"count":2,"href":"https:\/\/urpspharma.re\/index.php?rest_route=\/wp\/v2\/posts\/6994\/revisions"}],"predecessor-version":[{"id":7007,"href":"https:\/\/urpspharma.re\/index.php?rest_route=\/wp\/v2\/posts\/6994\/revisions\/7007"}],"wp:featuredmedia":[{"embeddable":true,"href":"https:\/\/urpspharma.re\/index.php?rest_route=\/wp\/v2\/media\/6996"}],"wp:attachment":[{"href":"https:\/\/urpspharma.re\/index.php?rest_route=%2Fwp%2Fv2%2Fmedia&parent=6994"}],"wp:term":[{"taxonomy":"category","embeddable":true,"href":"https:\/\/urpspharma.re\/index.php?rest_route=%2Fwp%2Fv2%2Fcategories&post=6994"},{"taxonomy":"post_tag","embeddable":true,"href":"https:\/\/urpspharma.re\/index.php?rest_route=%2Fwp%2Fv2%2Ftags&post=6994"}],"curies":[{"name":"wp","href":"https:\/\/api.w.org\/{rel}","templated":true}]}}