{"id":6998,"date":"2025-03-03T12:30:00","date_gmt":"2025-03-03T08:30:00","guid":{"rendered":"https:\/\/urpspharma.re\/?p=6998"},"modified":"2025-03-04T09:38:30","modified_gmt":"2025-03-04T05:38:30","slug":"urps-degats-professionnels-et-impact-sur-exercice","status":"publish","type":"post","link":"https:\/\/urpspharma.re\/?p=6998","title":{"rendered":"URPS : D\u00e9g\u00e2ts professionnels et impact sur exercice\u00a0"},"content":{"rendered":"\n<h2 class=\"wp-block-heading has-text-align-center has-very-light-gray-to-cyan-bluish-gray-gradient-background has-background\">Sondage<\/h2>\n\n\n\n<p><\/p>\n\n\n\n<h1 class=\"wp-block-heading has-text-align-center\">Reprise de l&#8217;activit\u00e9<\/h1>\n\n\n\n<p>Suite au passage du cyclone Garance, votre URPS en partenariat avec l&#8217;Ordre des pharmaciens\u00a0souhaiteraient dresser un \u00e9tat sur\u00a0<strong>les d\u00e9g\u00e2ts professionnels,\u00a0 l&#8217;impact sur votre exercice et\u00a0votre situation en mati\u00e8re de r\u00e9seau internet,\u00a0d&#8217;\u00e9lectricit\u00e9 et d&#8217;eau.<\/strong><\/p>\n\n\n\n<p>Ce sondage a pour but&nbsp;de recenser les pharmacies sinistr\u00e9es et d&#8217;avoir une estimation&nbsp;des pertes financi\u00e8res. Apr\u00e8s analyse, les r\u00e9sultats seront communiqu\u00e9s&nbsp;au national (ARS, Ordre des pharmaciens, Syndicats, Minist\u00e8re de la sant\u00e9).<\/p>\n\n\n\n<p>N&#8217;h\u00e9sitez pas \u00e0 relayer cette information aupr\u00e8s de vos confr\u00e8res.<\/p>\n\n\n\n<div class=\"wp-block-columns is-layout-flex wp-container-core-columns-layout-1 wp-block-columns-is-layout-flex\">\n<div class=\"wp-block-column is-layout-flow wp-block-column-is-layout-flow\">\n<figure class=\"wp-block-image size-medium\"><img loading=\"lazy\" decoding=\"async\" width=\"300\" height=\"251\" src=\"https:\/\/urpspharma.re\/wp-content\/uploads\/2025\/03\/article-site-urps-300x251.png\" alt=\"\" class=\"wp-image-6999\" srcset=\"https:\/\/urpspharma.re\/wp-content\/uploads\/2025\/03\/article-site-urps-300x251.png 300w, https:\/\/urpspharma.re\/wp-content\/uploads\/2025\/03\/article-site-urps-768x644.png 768w, https:\/\/urpspharma.re\/wp-content\/uploads\/2025\/03\/article-site-urps.png 940w\" sizes=\"(max-width: 300px) 100vw, 300px\" \/><\/figure>\n<\/div>\n\n\n\n<div class=\"wp-block-column is-layout-flow wp-block-column-is-layout-flow\">\n<div class=\"wp-block-buttons is-layout-flex wp-block-buttons-is-layout-flex\">\n<div class=\"wp-block-button has-custom-width wp-block-button__width-100\"><a class=\"wp-block-button__link has-background wp-element-button\" href=\"https:\/\/docs.google.com\/forms\/d\/e\/1FAIpQLSenBK3MPwkhNE-AcnKNsFi2m-6dFtgU0tZWlTFhK_682sc93A\/viewform\" style=\"background-color:#8f0c68\" target=\"_blank\" rel=\"noreferrer noopener\">Sondage en cliquant ICI<\/a><\/div>\n<\/div>\n<\/div>\n<\/div>\n\n\n\n<p><\/p>\n\n\n\n<h2 class=\"wp-block-heading\">Informations officielles de la Pr\u00e9fecture de La R\u00e9union et M\u00e9t\u00e9o-France R\u00e9union.<\/h2>\n\n\n\n<p><\/p>\n\n\n\n<p>Point de situation : <a href=\"https:\/\/www.reunion.gouv.fr\/Actualites\/Cyclone-Garance\" target=\"_blank\" rel=\"noreferrer noopener\">https:\/\/www.reunion.gouv.fr\/Actualites\/Cyclone-Garance<\/a><\/p>\n\n\n\n<p><\/p>\n\n\n\n<p><\/p>\n","protected":false},"excerpt":{"rendered":"<p>Sondage Reprise de l&#8217;activit\u00e9 Suite au passage du cyclone Garance, votre URPS en partenariat avec l&#8217;Ordre des pharmaciens\u00a0souhaiteraient dresser un \u00e9tat sur\u00a0les d\u00e9g\u00e2ts professionnels,\u00a0 l&#8217;impact sur votre exercice et\u00a0votre situation en mati\u00e8re de r\u00e9seau internet,\u00a0d&#8217;\u00e9lectricit\u00e9 et d&#8217;eau. Ce sondage a pour but&nbsp;de recenser les pharmacies sinistr\u00e9es et d&#8217;avoir une estimation&nbsp;des pertes financi\u00e8res. Apr\u00e8s analyse, les&hellip;<\/p>\n","protected":false},"author":3,"featured_media":7000,"comment_status":"open","ping_status":"open","sticky":false,"template":"","format":"standard","meta":{"footnotes":""},"categories":[182],"tags":[832,835,836,239],"amp_enabled":true,"_links":{"self":[{"href":"https:\/\/urpspharma.re\/index.php?rest_route=\/wp\/v2\/posts\/6998"}],"collection":[{"href":"https:\/\/urpspharma.re\/index.php?rest_route=\/wp\/v2\/posts"}],"about":[{"href":"https:\/\/urpspharma.re\/index.php?rest_route=\/wp\/v2\/types\/post"}],"author":[{"embeddable":true,"href":"https:\/\/urpspharma.re\/index.php?rest_route=\/wp\/v2\/users\/3"}],"replies":[{"embeddable":true,"href":"https:\/\/urpspharma.re\/index.php?rest_route=%2Fwp%2Fv2%2Fcomments&post=6998"}],"version-history":[{"count":3,"href":"https:\/\/urpspharma.re\/index.php?rest_route=\/wp\/v2\/posts\/6998\/revisions"}],"predecessor-version":[{"id":7003,"href":"https:\/\/urpspharma.re\/index.php?rest_route=\/wp\/v2\/posts\/6998\/revisions\/7003"}],"wp:featuredmedia":[{"embeddable":true,"href":"https:\/\/urpspharma.re\/index.php?rest_route=\/wp\/v2\/media\/7000"}],"wp:attachment":[{"href":"https:\/\/urpspharma.re\/index.php?rest_route=%2Fwp%2Fv2%2Fmedia&parent=6998"}],"wp:term":[{"taxonomy":"category","embeddable":true,"href":"https:\/\/urpspharma.re\/index.php?rest_route=%2Fwp%2Fv2%2Fcategories&post=6998"},{"taxonomy":"post_tag","embeddable":true,"href":"https:\/\/urpspharma.re\/index.php?rest_route=%2Fwp%2Fv2%2Ftags&post=6998"}],"curies":[{"name":"wp","href":"https:\/\/api.w.org\/{rel}","templated":true}]}}