{"id":7052,"date":"2025-03-27T10:07:06","date_gmt":"2025-03-27T06:07:06","guid":{"rendered":"https:\/\/urpspharma.re\/?p=7052"},"modified":"2025-03-27T10:07:07","modified_gmt":"2025-03-27T06:07:07","slug":"chikungunya-webinaire-ars-la-reunion-et-sante-publique-france","status":"publish","type":"post","link":"https:\/\/urpspharma.re\/?p=7052","title":{"rendered":"#Chikungunya &#8211; Webinaire &#8211; ARS La R\u00e9union et Sant\u00e9 publique France"},"content":{"rendered":"\n<h2 class=\"wp-block-heading has-text-align-center has-very-light-gray-to-cyan-bluish-gray-gradient-background has-background\">Jeudi 27 mars 2025 \u00e0 19h00<\/h2>\n\n\n\n<h1 class=\"wp-block-heading has-text-align-center\">Le chikungunya \u00e0 la R\u00e9union<\/h1>\n\n\n\n<p><strong>L\u2019ARS La R\u00e9union et Sant\u00e9 publique France vous invitent \u00e0 un webinaire consacr\u00e9 au chikungunya<\/strong><\/p>\n\n\n\n<p>La R\u00e9union fait face actuellement \u00e0 une amplification de l\u2019\u00e9pid\u00e9mie de chikungunya qui impacte significativement les soins de premier recours surtout les m\u00e9decins g\u00e9n\u00e9ralistes, mais aussi le syst\u00e8me hospitalier.<br>Le pr\u00e9fet en coordination avec le directeur g\u00e9n\u00e9ral de l\u2019ARS a d\u00e9clench\u00e9 le niveau 4 du plan ORSEC vendredi 14 mars dernier.<\/p>\n\n\n\n<figure class=\"wp-block-table aligncenter\"><table class=\"has-background\" style=\"background-color:#dedede\"><tbody><tr><td><strong>Pour participer \u00e0 ce webinaire<\/strong><br><br>cliquez sur\u00a0:<br><br><a href=\"https:\/\/urpspharma.us8.list-manage.com\/track\/click?u=07e1c2e988d75c3f3beefa643&amp;id=67bafcbbad&amp;e=6902c74b14\" target=\"_blank\" rel=\"noreferrer noopener\"><strong>Rejoignez la r\u00e9union<\/strong><\/a><br>\u00a0<br>ID de r\u00e9union : 350 269 180 694<br>Code secret : U2yp6HP3<\/td><\/tr><\/tbody><\/table><\/figure>\n\n\n\n<h3 class=\"wp-block-heading\"><strong>Pourquoi participer ?<\/strong><\/h3>\n\n\n\n<p>Ce webinaire vous permettra de :<\/p>\n\n\n\n<ul>\n<li>Faire un point sur la situation \u00e9pid\u00e9miologique<\/li>\n\n\n\n<li>Anticiper sur le risque de tensions hospitali\u00e8res<\/li>\n\n\n\n<li>Comprendre les enjeux de la d\u00e9claration obligatoire des cas.<\/li>\n\n\n\n<li>D\u00e9finir une doctrine sur la pertinence de prescription biologique de la PCR +\/- s\u00e9rologie chikungunya<\/li>\n\n\n\n<li>\u00catre inform\u00e9 des modalit\u00e9s de vaccination sp\u00e9cifiques \u00e0 La R\u00e9union. M\u00e9decins, pharmaciens, infirmiers\u2026 vous \u00eates tous concern\u00e9s&nbsp;!<\/li>\n<\/ul>\n\n\n\n<h3 class=\"wp-block-heading\"><strong>Au programme&nbsp;:<\/strong><\/h3>\n\n\n\n<p>Le webinaire sera anim\u00e9 par l\u2019ARS et Sant\u00e9 publique France,&nbsp;avec l\u2019intervention du Laboratoire Valneva&nbsp;:<\/p>\n\n\n\n<ul>\n<li><strong>Point de situation \u00e9pid\u00e9miologique&nbsp;<\/strong>du chikungunya (Sant\u00e9 publique France)<\/li>\n\n\n\n<li><strong>Mesures anticipatoires sur le risque de tension du syst\u00e8me de sant\u00e9&nbsp;<\/strong>(ARS)<\/li>\n\n\n\n<li><strong>Modalit\u00e9s de gestion au niveau 4 plan ORSEC LAV :&nbsp;<\/strong>collecte des donn\u00e9es, cartographie, intervention LAV, r\u00f4le et appui de la communication (ARS)<\/li>\n\n\n\n<li>Pertinence de la<strong>&nbsp;prescription biologique de la PCR chikungunya<\/strong><\/li>\n\n\n\n<li><strong>D\u00e9ploiement de la campagne de vaccination contre le chikungunya :&nbsp;<\/strong>pr\u00e9sentation de la strat\u00e9gie vaccinale, modalit\u00e9s de mise en \u0153uvre de l\u2019acte vaccinal (ARS\/Laboratoire Valneva)<\/li>\n\n\n\n<li><strong>\u00c9changes et questions&nbsp;<\/strong>(fin de la visioconf\u00e9rence 20h30 au plus tard)<\/li>\n<\/ul>\n\n\n\n<p class=\"has-text-align-center\"><strong>NOUS COMPTONS SUR VOTRE PARTICIPATION.<br>CE WEBINAIRE SERA ENREGISTR\u00c9 ET ACCESSIBLE PROCHAINEMENT SUR LE SITE DE L\u2019ARS.<\/strong><\/p>\n","protected":false},"excerpt":{"rendered":"<p>Jeudi 27 mars 2025 \u00e0 19h00 Le chikungunya \u00e0 la R\u00e9union L\u2019ARS La R\u00e9union et Sant\u00e9 publique France vous invitent \u00e0 un webinaire consacr\u00e9 au chikungunya La R\u00e9union fait face actuellement \u00e0 une amplification de l\u2019\u00e9pid\u00e9mie de chikungunya qui impacte significativement les soins de premier recours surtout les m\u00e9decins g\u00e9n\u00e9ralistes, mais aussi le syst\u00e8me hospitalier.Le&hellip;<\/p>\n","protected":false},"author":3,"featured_media":7054,"comment_status":"open","ping_status":"open","sticky":false,"template":"","format":"standard","meta":{"footnotes":""},"categories":[182],"tags":[587,88,843,239,840],"amp_enabled":true,"_links":{"self":[{"href":"https:\/\/urpspharma.re\/index.php?rest_route=\/wp\/v2\/posts\/7052"}],"collection":[{"href":"https:\/\/urpspharma.re\/index.php?rest_route=\/wp\/v2\/posts"}],"about":[{"href":"https:\/\/urpspharma.re\/index.php?rest_route=\/wp\/v2\/types\/post"}],"author":[{"embeddable":true,"href":"https:\/\/urpspharma.re\/index.php?rest_route=\/wp\/v2\/users\/3"}],"replies":[{"embeddable":true,"href":"https:\/\/urpspharma.re\/index.php?rest_route=%2Fwp%2Fv2%2Fcomments&post=7052"}],"version-history":[{"count":3,"href":"https:\/\/urpspharma.re\/index.php?rest_route=\/wp\/v2\/posts\/7052\/revisions"}],"predecessor-version":[{"id":7056,"href":"https:\/\/urpspharma.re\/index.php?rest_route=\/wp\/v2\/posts\/7052\/revisions\/7056"}],"wp:featuredmedia":[{"embeddable":true,"href":"https:\/\/urpspharma.re\/index.php?rest_route=\/wp\/v2\/media\/7054"}],"wp:attachment":[{"href":"https:\/\/urpspharma.re\/index.php?rest_route=%2Fwp%2Fv2%2Fmedia&parent=7052"}],"wp:term":[{"taxonomy":"category","embeddable":true,"href":"https:\/\/urpspharma.re\/index.php?rest_route=%2Fwp%2Fv2%2Fcategories&post=7052"},{"taxonomy":"post_tag","embeddable":true,"href":"https:\/\/urpspharma.re\/index.php?rest_route=%2Fwp%2Fv2%2Ftags&post=7052"}],"curies":[{"name":"wp","href":"https:\/\/api.w.org\/{rel}","templated":true}]}}