{"id":7067,"date":"2025-05-06T08:57:30","date_gmt":"2025-05-06T04:57:30","guid":{"rendered":"https:\/\/urpspharma.re\/?p=7067"},"modified":"2025-05-07T08:58:41","modified_gmt":"2025-05-07T04:58:41","slug":"urps-mardi-20-mai-2025-soiree-dinformations-dechanges","status":"publish","type":"post","link":"https:\/\/urpspharma.re\/?p=7067","title":{"rendered":"URPS : Mardi 20 mai 2025 &#8211; Soir\u00e9e d&#8217;informations &#038; d&#8217;\u00e9changes"},"content":{"rendered":"\n<h3 class=\"wp-block-heading has-text-align-center has-very-light-gray-to-cyan-bluish-gray-gradient-background has-background\">Mardi 20 mai 2025 \u00e0 20h- H\u00f4tel Le NESS (Saint-Gilles les bains)<\/h3>\n\n\n\n<h1 class=\"wp-block-heading has-text-align-center\">Le cancer colorectal<\/h1>\n\n\n\n<h3 class=\"wp-block-heading has-text-align-center\"><mark style=\"background-color:rgba(0, 0, 0, 0);color:#b0368c\" class=\"has-inline-color\">50% des officines de La R\u00e9union distribuent le Kit de d\u00e9pistage du cancer colorectal.<\/mark><\/h3>\n\n\n\n<h3 class=\"wp-block-heading has-text-align-center\"><mark style=\"background-color:rgba(0, 0, 0, 0);color:#b0368c\" class=\"has-inline-color\">Comment rejoindre, ou poursuivre l\u2019action engag\u00e9e ?<\/mark><\/h3>\n\n\n\n<p>Participez \u00e0 la soir\u00e9e informations et networking de l\u2019URPS pharmaciens, en partenariat avec la CGSS et Cap Onco R\u00e9union.<\/p>\n\n\n\n<p><strong>Soir\u00e9e co-anim\u00e9e par :<\/strong><\/p>\n\n\n\n<p><strong>&#8211; Fabienne DEURWEILHER &amp; Julien NARSAMA<\/strong>\u00a0de la CGSS R\u00e9union,\u00a0<br>&#8211;\u00a0<strong>Johan ENCAOUA\u00a0<\/strong>Pr\u00e9sident de CAP ONCO REUNION\u00a0et<br>Chef de Service de Radioth\u00e9rapie\/Curieth\u00e9rapie CHU Sud, Saint Pierre &#8211; La R\u00e9union<br><strong>&#8211; Julie CASTERMAN\u00a0<\/strong>du CRCDC (Centre r\u00e9gional de coordination des d\u00e9pistages des cancers),<\/p>\n\n\n\n<h3 class=\"wp-block-heading has-text-align-center\">Les pharmaciens, acteurs de proximit\u00e9 dans la promotion en sant\u00e9. Gr\u00e2ce \u00e0 vous aussi, le cancer recule\u00a0ti\u00a0pa\u00a0ti\u00a0pa\u00a0!<\/h3>\n\n\n\n<div class=\"wp-block-media-text alignwide has-media-on-the-right is-stacked-on-mobile is-vertically-aligned-top has-fl-topbar-bg-color-background-color has-background\" style=\"grid-template-columns:auto 43%\"><div class=\"wp-block-media-text__content\">\n<p class=\"has-medium-font-size\"><mark style=\"background-color:rgba(0, 0, 0, 0)\" class=\"has-inline-color has-fl-accent-color\">Soir\u00e9e\u00a0<strong>gratuite<\/strong>\u00a0mais l\u2019<strong>inscription est obligatoire<\/strong><\/mark><\/p>\n\n\n\n<div class=\"wp-block-buttons is-layout-flex wp-block-buttons-is-layout-flex\">\n<div class=\"wp-block-button has-custom-width wp-block-button__width-100 has-custom-font-size is-style-fill\" style=\"font-size:20px\"><a class=\"wp-block-button__link has-fl-accent-background-color has-background wp-element-button\" href=\"https:\/\/docs.google.com\/forms\/d\/e\/1FAIpQLSf1eVTFKCYx8nfQjJ99MCsQoF2bWjomNAsbTmwgWJUnQJDQJA\/viewform\" style=\"border-radius:26px\" target=\"_blank\" rel=\"noreferrer noopener\"><strong>>> Inscription ICI<\/strong><\/a><\/div>\n<\/div>\n\n\n\n<div class=\"wp-block-group has-medium-font-size is-layout-constrained wp-block-group-is-layout-constrained\"><div class=\"wp-block-group__inner-container\">\n<p><\/p>\n\n\n\n<p class=\"has-text-align-center has-small-font-size\"><strong><mark style=\"background-color:rgba(0, 0, 0, 0);color:#8e0f84\" class=\"has-inline-color\">Date limite des inscriptions :<br>le vendredi 16 mai 2025<\/mark><\/strong><strong><mark style=\"background-color:rgba(0, 0, 0, 0);color:#8e0f84\" class=\"has-inline-color\"><br>Attention : places limit\u00e9es<\/mark><\/strong><\/p>\n<\/div><\/div>\n\n\n\n<p class=\"has-medium-font-size\">A l&#8217;issue de cette soir\u00e9e,&nbsp;<strong>un cocktail dinatoire&nbsp;<\/strong>vous sera propos\u00e9.<\/p>\n<\/div><figure class=\"wp-block-media-text__media\"><img loading=\"lazy\" decoding=\"async\" width=\"1024\" height=\"1024\" src=\"https:\/\/urpspharma.re\/wp-content\/uploads\/2025\/05\/Event20MAI-Ok-1024x1024.png\" alt=\"\" class=\"wp-image-7068 size-full\" srcset=\"https:\/\/urpspharma.re\/wp-content\/uploads\/2025\/05\/Event20MAI-Ok-1024x1024.png 1024w, https:\/\/urpspharma.re\/wp-content\/uploads\/2025\/05\/Event20MAI-Ok-300x300.png 300w, https:\/\/urpspharma.re\/wp-content\/uploads\/2025\/05\/Event20MAI-Ok-150x150.png 150w, https:\/\/urpspharma.re\/wp-content\/uploads\/2025\/05\/Event20MAI-Ok-768x768.png 768w, https:\/\/urpspharma.re\/wp-content\/uploads\/2025\/05\/Event20MAI-Ok.png 1080w\" sizes=\"(max-width: 1024px) 100vw, 1024px\" \/><\/figure><\/div>\n\n\n\n<p class=\"has-text-align-center has-medium-font-size\"><strong>Nous comptons sur votre participation. <\/strong><\/p>\n\n\n\n<p class=\"has-text-align-center has-medium-font-size\"><strong>N&#8217;h\u00e9sitez pas \u00e0 relayer cette information aupr\u00e8s de vos confr\u00e8res.<\/strong><\/p>\n\n\n\n<p class=\"has-text-align-center has-medium-font-size\"><strong>Au plaisir de se retrouver !<\/strong><\/p>\n\n\n\n<div class=\"wp-block-group is-layout-constrained wp-block-group-is-layout-constrained\"><div class=\"wp-block-group__inner-container\"><\/div><\/div>\n","protected":false},"excerpt":{"rendered":"<p>Mardi 20 mai 2025 \u00e0 20h- H\u00f4tel Le NESS (Saint-Gilles les bains) Le cancer colorectal 50% des officines de La R\u00e9union distribuent le Kit de d\u00e9pistage du cancer colorectal. Comment rejoindre, ou poursuivre l\u2019action engag\u00e9e ? Participez \u00e0 la soir\u00e9e informations et networking de l\u2019URPS pharmaciens, en partenariat avec la CGSS et Cap Onco R\u00e9union.&hellip;<\/p>\n","protected":false},"author":3,"featured_media":7068,"comment_status":"open","ping_status":"open","sticky":false,"template":"","format":"standard","meta":{"footnotes":""},"categories":[182,261,580],"tags":[846,597,847,19,239],"amp_enabled":true,"_links":{"self":[{"href":"https:\/\/urpspharma.re\/index.php?rest_route=\/wp\/v2\/posts\/7067"}],"collection":[{"href":"https:\/\/urpspharma.re\/index.php?rest_route=\/wp\/v2\/posts"}],"about":[{"href":"https:\/\/urpspharma.re\/index.php?rest_route=\/wp\/v2\/types\/post"}],"author":[{"embeddable":true,"href":"https:\/\/urpspharma.re\/index.php?rest_route=\/wp\/v2\/users\/3"}],"replies":[{"embeddable":true,"href":"https:\/\/urpspharma.re\/index.php?rest_route=%2Fwp%2Fv2%2Fcomments&post=7067"}],"version-history":[{"count":5,"href":"https:\/\/urpspharma.re\/index.php?rest_route=\/wp\/v2\/posts\/7067\/revisions"}],"predecessor-version":[{"id":7073,"href":"https:\/\/urpspharma.re\/index.php?rest_route=\/wp\/v2\/posts\/7067\/revisions\/7073"}],"wp:featuredmedia":[{"embeddable":true,"href":"https:\/\/urpspharma.re\/index.php?rest_route=\/wp\/v2\/media\/7068"}],"wp:attachment":[{"href":"https:\/\/urpspharma.re\/index.php?rest_route=%2Fwp%2Fv2%2Fmedia&parent=7067"}],"wp:term":[{"taxonomy":"category","embeddable":true,"href":"https:\/\/urpspharma.re\/index.php?rest_route=%2Fwp%2Fv2%2Fcategories&post=7067"},{"taxonomy":"post_tag","embeddable":true,"href":"https:\/\/urpspharma.re\/index.php?rest_route=%2Fwp%2Fv2%2Ftags&post=7067"}],"curies":[{"name":"wp","href":"https:\/\/api.w.org\/{rel}","templated":true}]}}