{"id":7079,"date":"2025-05-26T15:50:19","date_gmt":"2025-05-26T11:50:19","guid":{"rendered":"https:\/\/urpspharma.re\/?p=7079"},"modified":"2025-06-24T08:22:54","modified_gmt":"2025-06-24T04:22:54","slug":"congres-6-7-juin-1er-congres-ocean-indien-le-printemps-des-odeurs","status":"publish","type":"post","link":"https:\/\/urpspharma.re\/?p=7079","title":{"rendered":"Congr\u00e8s : 6 &#038; 7 juin &#8211; 1er Congr\u00e8s Oc\u00e9an Indien &#8211; Le printemps des odeurs"},"content":{"rendered":"\n<h3 class=\"wp-block-heading has-text-align-center has-very-light-gray-to-cyan-bluish-gray-gradient-background has-background\">Les 6 &amp;7 juin 2025 &#8211; Conservatoire CRR Cimendef (Saint-Paul)<\/h3>\n\n\n\n<h1 class=\"wp-block-heading has-text-align-center\"><strong>L\u2019odorat au service de la sant\u00e9 et de l\u2019\u00e9ducation<\/strong><\/h1>\n\n\n\n<h3 class=\"wp-block-heading has-text-align-center\"><mark style=\"background-color:rgba(0, 0, 0, 0);color:#b0368c\" class=\"has-inline-color\">50% des officines de La R\u00e9union distribuent le Kit de d\u00e9pistage du cancer colorectal.<\/mark><\/h3>\n\n\n\n<h3 class=\"wp-block-heading has-text-align-center\"><mark style=\"background-color:rgba(0, 0, 0, 0);color:#b0368c\" class=\"has-inline-color\">Comment rejoindre, ou poursuivre l\u2019action engag\u00e9e ?<\/mark><\/h3>\n\n\n\n<p>Une immersion sensorielle unique lors du <strong>Congr\u00e8s Scientifique Oc\u00e9an Indien Printemps des odeurs de l\u2019Oc\u00e9an Indien : L\u2019odorat au service de la sant\u00e9 et de l\u2019\u00e9ducation<\/strong>, qui se tiendra <strong>les vendredi 6 et samedi 7 juin 2025<\/strong> en partenariat avec l&#8217;URPS Pharmaciens.<\/p>\n\n\n\n<p>Cet \u00e9v\u00e9nement, organis\u00e9 avec le soutien de l\u2019association <strong>Nez en Herbe<\/strong> <a href=\"https:\/\/www.nez-en-herbe.org\">https:\/\/www.nez-en-herbe.org<\/a> et <strong>Anosmie.org<\/strong> <a href=\"https:\/\/anosmie.org\">https:\/\/anosmie.org<\/a> r\u00e9unira des experts de l\u2019olfaction pour des <strong>conf\u00e9rences et ateliers in\u00e9dits<\/strong>.<\/p>\n\n\n\n<p><strong>Au programme : <\/strong>lien du teaser <a href=\"https:\/\/www.youtube.com\/watch?v=uRGWDdIUhKI\">https:\/\/www.youtube.com\/watch?v=uRGWDdIUhKI<\/a><\/p>\n\n\n\n<ul>\n<li>Des <strong>conf\u00e9rences matinales<\/strong> en enregistrement vid\u00e9o diffus\u00e9<\/li>\n\n\n\n<li>Une <strong>table ronde<\/strong> avec des orateurs de l\u2019Hexagone<\/li>\n\n\n\n<li>Des <strong>ateliers interactifs<\/strong><\/li>\n\n\n\n<li>Un <strong>voyage olfactif inoubliable<\/strong><\/li>\n\n\n\n<li>Le <strong>replay est gratuit durant 3 mois <\/strong>pour chaque participant (e) inscrit (e ) en pr\u00e9sentiel ou distanciel \u00e0 l\u2019\u00e9v\u00e8nement<\/li>\n<\/ul>\n\n\n\n<p>Vous pourrez assister \u00e0 cet \u00e9v\u00e9nement :<\/p>\n\n\n\n<p>\u2705 <strong>En pr\u00e9sentiel<\/strong><br>\u2705 <strong>En distanciel<\/strong><\/p>\n\n\n\n<p><\/p>\n\n\n\n<p><strong>Tarif pr\u00e9f\u00e9rentiel pour les pharmaciens<\/strong><\/p>\n\n\n\n<p><em>Pass complet (2 jours) : 180\u20ac<\/em><\/p>\n\n\n\n<p><em>Pass journ\u00e9e \u2013 Vendredi en pr\u00e9sentiel (90\u20ac) ou bien en Distanciel (55\u20ac)<\/em><\/p>\n\n\n\n<p><em>Pass journ\u00e9e \u2013 Samedi en pr\u00e9sentiel (90\u20ac) ou bien en Distanciel (55\u20ac)<\/em><\/p>\n\n\n\n<p>\u25ba<strong><a href=\"https:\/\/bit.ly\/Programme_congr\u00e8s_printempsdesodeurs_6_7juin2025\" data-type=\"link\" data-id=\"https:\/\/bit.ly\/Programme_congr\u00e8s_printempsdesodeurs_6_7juin2025\" target=\"_blank\" rel=\"noreferrer noopener\"><em>Programme<\/em> ICI<\/a><\/strong><\/p>\n\n\n\n<div class=\"wp-block-media-text alignwide has-media-on-the-right is-stacked-on-mobile is-vertically-aligned-top has-fl-topbar-bg-color-background-color has-background\" style=\"grid-template-columns:auto 43%\"><div class=\"wp-block-media-text__content\">\n<div class=\"wp-block-buttons is-layout-flex wp-block-buttons-is-layout-flex\"><\/div>\n\n\n\n<div class=\"wp-block-group has-medium-font-size is-layout-constrained wp-block-group-is-layout-constrained\"><div class=\"wp-block-group__inner-container\">\n<p><strong>Inscrivez-vous d\u00e8s maintenant par mail \u00e0 <a href=\"mailto:nancy.turbot@gmail.com\" target=\"_blank\" rel=\"noreferrer noopener\">nancy.turbot@gmail.com<\/a><\/strong><\/p>\n\n\n\n<p class=\"has-medium-font-size\"><strong>Nancy TURBOT &#8211; Organisatrice du Congr\u00e8s <\/strong><\/p>\n\n\n\n<p><strong>Merci d&#8217;indiquer vos coordonn\u00e9es <\/strong><\/p>\n\n\n\n<ul>\n<li><strong>nom <\/strong><\/li>\n\n\n\n<li><strong>pr\u00e9nom <\/strong><\/li>\n\n\n\n<li><strong>nom de l\u2019officine <\/strong><\/li>\n\n\n\n<li><strong>t\u00e9l\u00e9phone<\/strong><\/li>\n<\/ul>\n<\/div><\/div>\n<\/div><figure class=\"wp-block-media-text__media\"><img loading=\"lazy\" decoding=\"async\" width=\"449\" height=\"637\" src=\"https:\/\/urpspharma.re\/wp-content\/uploads\/2025\/05\/infographie.png\" alt=\"\" class=\"wp-image-7080 size-full\" srcset=\"https:\/\/urpspharma.re\/wp-content\/uploads\/2025\/05\/infographie.png 449w, https:\/\/urpspharma.re\/wp-content\/uploads\/2025\/05\/infographie-211x300.png 211w\" sizes=\"(max-width: 449px) 100vw, 449px\" \/><\/figure><\/div>\n\n\n\n<p class=\"has-text-align-center has-medium-font-size\"><strong>Nous comptons sur votre participation. <\/strong><\/p>\n\n\n\n<p class=\"has-text-align-center has-medium-font-size\"><strong>N&#8217;h\u00e9sitez pas \u00e0 relayer cette information aupr\u00e8s de vos confr\u00e8res.<\/strong><\/p>\n\n\n\n<p class=\"has-text-align-center has-medium-font-size\"><strong>Au plaisir de se retrouver !<\/strong><\/p>\n\n\n\n<div class=\"wp-block-group is-layout-constrained wp-block-group-is-layout-constrained\"><div class=\"wp-block-group__inner-container\"><\/div><\/div>\n","protected":false},"excerpt":{"rendered":"<p>Les 6 &amp;7 juin 2025 &#8211; Conservatoire CRR Cimendef (Saint-Paul) L\u2019odorat au service de la sant\u00e9 et de l\u2019\u00e9ducation 50% des officines de La R\u00e9union distribuent le Kit de d\u00e9pistage du cancer colorectal. Comment rejoindre, ou poursuivre l\u2019action engag\u00e9e ? Une immersion sensorielle unique lors du Congr\u00e8s Scientifique Oc\u00e9an Indien Printemps des odeurs de l\u2019Oc\u00e9an&hellip;<\/p>\n","protected":false},"author":3,"featured_media":7080,"comment_status":"open","ping_status":"open","sticky":false,"template":"","format":"standard","meta":{"footnotes":""},"categories":[182,262,261,580],"tags":[848,296,849,239],"amp_enabled":true,"_links":{"self":[{"href":"https:\/\/urpspharma.re\/index.php?rest_route=\/wp\/v2\/posts\/7079"}],"collection":[{"href":"https:\/\/urpspharma.re\/index.php?rest_route=\/wp\/v2\/posts"}],"about":[{"href":"https:\/\/urpspharma.re\/index.php?rest_route=\/wp\/v2\/types\/post"}],"author":[{"embeddable":true,"href":"https:\/\/urpspharma.re\/index.php?rest_route=\/wp\/v2\/users\/3"}],"replies":[{"embeddable":true,"href":"https:\/\/urpspharma.re\/index.php?rest_route=%2Fwp%2Fv2%2Fcomments&post=7079"}],"version-history":[{"count":3,"href":"https:\/\/urpspharma.re\/index.php?rest_route=\/wp\/v2\/posts\/7079\/revisions"}],"predecessor-version":[{"id":7122,"href":"https:\/\/urpspharma.re\/index.php?rest_route=\/wp\/v2\/posts\/7079\/revisions\/7122"}],"wp:featuredmedia":[{"embeddable":true,"href":"https:\/\/urpspharma.re\/index.php?rest_route=\/wp\/v2\/media\/7080"}],"wp:attachment":[{"href":"https:\/\/urpspharma.re\/index.php?rest_route=%2Fwp%2Fv2%2Fmedia&parent=7079"}],"wp:term":[{"taxonomy":"category","embeddable":true,"href":"https:\/\/urpspharma.re\/index.php?rest_route=%2Fwp%2Fv2%2Fcategories&post=7079"},{"taxonomy":"post_tag","embeddable":true,"href":"https:\/\/urpspharma.re\/index.php?rest_route=%2Fwp%2Fv2%2Ftags&post=7079"}],"curies":[{"name":"wp","href":"https:\/\/api.w.org\/{rel}","templated":true}]}}