{"id":7086,"date":"2025-05-23T11:25:00","date_gmt":"2025-05-23T07:25:00","guid":{"rendered":"https:\/\/urpspharma.re\/?p=7086"},"modified":"2025-10-02T07:39:07","modified_gmt":"2025-10-02T03:39:07","slug":"grippe-saisonniere-du-12-mai-au-31-octobre-2025","status":"publish","type":"post","link":"https:\/\/urpspharma.re\/?p=7086","title":{"rendered":"Grippe saisonni\u00e8re : du 12 mai au 31 octobre 2025"},"content":{"rendered":"\n<h2 class=\"wp-block-heading has-text-align-center\"><mark style=\"background-color:rgba(0, 0, 0, 0);color:#024f6b\" class=\"has-inline-color\">Les pharmaciens volontaires et form\u00e9s peuvent vacciner !<\/mark><\/h2>\n\n\n\n<div class=\"wp-block-media-text is-stacked-on-mobile\" style=\"grid-template-columns:32% auto\"><figure class=\"wp-block-media-text__media\"><img loading=\"lazy\" decoding=\"async\" width=\"556\" height=\"782\" src=\"https:\/\/urpspharma.re\/wp-content\/uploads\/2025\/06\/affiche-vaccination-contre-la-grippe-et-covid19.png\" alt=\"\" class=\"wp-image-7087 size-full\" srcset=\"https:\/\/urpspharma.re\/wp-content\/uploads\/2025\/06\/affiche-vaccination-contre-la-grippe-et-covid19.png 556w, https:\/\/urpspharma.re\/wp-content\/uploads\/2025\/06\/affiche-vaccination-contre-la-grippe-et-covid19-213x300.png 213w\" sizes=\"(max-width: 556px) 100vw, 556px\" \/><\/figure><div class=\"wp-block-media-text__content\">\n<p><\/p>\n\n\n\n<p>La campagne de vaccination contre la grippe saisonni\u00e8re se d\u00e9roule <strong>du 12 mai au 31 octobre 2025.<\/strong><\/p>\n\n\n\n<p>Situation de la vaccination contre la grippe en 2024 :<\/p>\n\n\n\n<p><\/p>\n\n\n\n<ul>\n<li><strong>Une&nbsp;couverture&nbsp;vaccinale&nbsp;des&nbsp;personnes&nbsp;\u00e9ligibles&nbsp;en&nbsp;l\u00e9g\u00e8re&nbsp;baisse&nbsp;(23,6% en 2024, contre 27%&nbsp;en&nbsp;2023),&nbsp;<\/strong>mais toujours en dessous de la moyenne nationale (environ 50%).<\/li>\n\n\n\n<li><strong>46 588&nbsp;personnes&nbsp;vaccin\u00e9es&nbsp;contre&nbsp;la&nbsp;grippe,&nbsp;<\/strong>sur&nbsp;190 000&nbsp;personnes&nbsp;\u00e9ligibles.<\/li>\n<\/ul>\n<\/div><\/div>\n\n\n\n<p>Toutes les opportunit\u00e9s de vaccination doivent \u00eatre saisies pour optimiser les deux campagnes de vaccination, grippe et rappel Covid-19, dans l\u2019objectif d\u2019un haut niveau de protection des plus fragiles.<\/p>\n\n\n\n<h2 class=\"wp-block-heading\"><strong><mark style=\"background-color:rgba(0, 0, 0, 0);color:#024f6b\" class=\"has-inline-color\">Strat\u00e9gie vaccinale<\/mark><\/strong><\/h2>\n\n\n\n<p><strong><mark style=\"background-color:rgba(0, 0, 0, 0);color:#b0368b\" class=\"has-inline-color\">Les pharmaciens d\u2019officine peuvent vacciner l\u2019ensemble des personnes de 11 ans et plus y compris celles non cibl\u00e9es par les recommandations vaccinales<\/mark><\/strong><\/p>\n\n\n\n<p>Les invitations et les bons de prise en charge sont&nbsp; adress\u00e9s par voie postale \u00e0 vos patients \u00e9ligibles depuis quelques jours.<\/p>\n\n\n\n<p>Les personnes concern\u00e9es par les deux vaccinations \u00e9tant identiques, l&#8217;Assurance Maladie adressera aux assur\u00e9s \u00e9ligibles, un seul courrier d&#8217;invitation \u00e0 se faire vacciner contre la grippe et la&nbsp;Covid-19.&nbsp;<\/p>\n\n\n\n<p>Les personnes \u00e9ligibles \u00e0 la vaccination&nbsp;sont&nbsp;:<\/p>\n\n\n\n<ul>\n<li>les personnes \u00e2g\u00e9es de 65&nbsp;ans et plus&nbsp;;<\/li>\n\n\n\n<li>les personnes de moins de 65&nbsp;ans souffrant de certaines maladies chroniques* ;<\/li>\n\n\n\n<li>les femmes enceintes (quel que soit le trimestre de grossesse)&nbsp;;<\/li>\n\n\n\n<li>les personnes souffrant d\u2019ob\u00e9sit\u00e9&nbsp;: indice de masse corporel (IMC) sup\u00e9rieur ou \u00e9gal \u00e0 40<\/li>\n\n\n\n<li>les personnes s\u00e9journant dans un \u00e9tablissement de soins de suite ou dans un \u00e9tablissement m\u00e9dicosocial d\u2019h\u00e9bergement quel que soit leur \u00e2ge.<\/li>\n<\/ul>\n\n\n\n<p>La strat\u00e9gie vaccinale vise aussi \u00e0 assurer une protection indirecte en vaccinant&nbsp;:<\/p>\n\n\n\n<ul>\n<li>les professionnels de sant\u00e9 et les professionnels des \u00e9tablissements m\u00e9dico-sociaux au contact des patients \u00e0 risque car ils peuvent contribuer \u00e0 propager l\u2019infection&nbsp;;<\/li>\n\n\n\n<li>l\u2019entourage des nourrissons de moins de 6&nbsp;mois \u00e0 risque de complication grave de la grippe et des personnes immunod\u00e9prim\u00e9es&nbsp;;<\/li>\n\n\n\n<li>les aides \u00e0 domicile des particuliers employeurs vuln\u00e9rables.<\/li>\n<\/ul>\n\n\n\n<p>Les professionnels expos\u00e9s aux virus influenza porcins et aviaires sont \u00e9galement invit\u00e9s \u00e0 se faire vacciner pour \u00e9viter la transmission aux animaux des virus influenza humains.<\/p>\n\n\n\n<figure class=\"wp-block-table\"><table><tbody><tr><td>*Maladies chroniques :<br>maladies respiratoires : &nbsp;asthme, bronchopneumopathie chronique obstructive (BPCO), emphys\u00e8me, dilatation des bronches, mucoviscidose, silicose, &nbsp;malformations de la cage thoracique\u2026 Toutes ces maladies sont en effet susceptibles d\u2019\u00eatre aggrav\u00e9es par la grippe ;<br>maladies cardiovasculaires : cardiopathie cong\u00e9nitale, insuffisance cardiaque, maladie des valves cardiaques, troubles du rythme cardiaque, maladie des art\u00e8res du c\u0153ur, angine de poitrine, ant\u00e9c\u00e9dent d\u2019accident vasculaire c\u00e9r\u00e9bral (AVC), d\u2019infarctus ou de pontage ;<br>maladies neurologiques et neuromusculaires : formes graves des affections neurologiques et musculaires (myopathie, scl\u00e9rose en plaques, s\u00e9quelles d\u2019accident vasculaire c\u00e9r\u00e9bral, d\u00e9mence de type Alzheimer ou autre, poliomy\u00e9lite, myasth\u00e9nie\u2026), parapl\u00e9gie ou t\u00e9trapl\u00e9gie avec atteinte du diaphragme ;<br>maladies des reins et du foie : n\u00e9phropathie (atteinte du rein) chronique grave, personnes en dialyse, syndrome n\u00e9phrotique, maladie chronique du foie ;<br>troubles m\u00e9taboliques : diab\u00e8te, ob\u00e9sit\u00e9 ;<br>troubles de l\u2019immunit\u00e9 et maladies sanguines : cancers et autres maladies du sang, transplantation (greffe) d\u2019organe et de moelle, d\u00e9ficits immunitaires, maladies inflammatoires et\/ou auto-immunes trait\u00e9es par immunosuppresseurs, infection par le VIH, dr\u00e9panocytose.<\/td><\/tr><\/tbody><\/table><\/figure>\n\n\n\n<p><mark style=\"background-color:rgba(0, 0, 0, 0);color:#b4388f\" class=\"has-inline-color\">Attention :\u00a0<strong>ne seront pas destinataires du courrier d\u2019invitation de l\u2019Assurance Maladie les cas suivants :<\/strong><br><strong>&#8211; les femmes enceintes,\u00a0l\u2019entourage familial des nourrissons \u00e0 risque,\u00a0<br>&#8211; les personnes ob\u00e8ses,\u00a0<br>&#8211;\u00a0Les personnes b\u00e9n\u00e9ficiaires de l\u2019AME (Aide M\u00e9dicale de l&#8217;Etat) et \u00e9ligibles \u00e0 la vaccination contre la grippe en raison de leur \u00e2ge ou de leur \u00e9tat de sant\u00e9 b\u00e9n\u00e9ficient de la gratuit\u00e9 du vaccin et de la prise en charge de l\u2019injection.<\/strong><br><strong>&#8211; aux enfants de 2 \u00e0 17 ans r\u00e9volus sans comorbidit\u00e9s<\/strong><\/mark><strong>\u00a0(<\/strong><a href=\"https:\/\/www.has-sante.fr\/jcms\/p_3411156\/fr\/grippe-ouvrir-la-vaccination-a-l-ensemble-des-enfants-ages-de-2-a-17-ans\" target=\"_blank\" rel=\"noreferrer noopener\">avis de la HAS du 9 f\u00e9vrier 2023<\/a><strong>).<\/strong><\/p>\n\n\n\n<p><strong><mark style=\"background-color:rgba(0, 0, 0, 0);color:#b2378d\" class=\"has-inline-color\">Il appartiendra aux professionnels de d\u00e9cider de l\u2019opportunit\u00e9 de la vaccination et de leur d\u00e9livrer l\u2019imprim\u00e9 de prise en charge.<\/mark><\/strong><\/p>\n\n\n\n<figure class=\"wp-block-table is-style-stripes\"><table><tbody><tr><td><strong>Ne sont pas \u00e9ligibles \u00e0 la double vaccination&nbsp;:&nbsp;<\/strong><br>&#8211;&nbsp;Les personnes en ALD pour affections psychiatriques, d\u00e9mence et trisomie 21,&nbsp;<strong>\u00e9ligibles \u00e0 la vaccination contre la Covid-19 mais non \u00e0 la vaccination contre la grippe saisonni\u00e8re<\/strong>. Elles ne recevront pas d\u2019invitation personnalis\u00e9e dans le cadre de la campagne mais seront sensibilis\u00e9es par leur professionnel de sant\u00e9.<br>&#8211;&nbsp;Les enfants de 2 \u00e0 17 ans sans comorbidit\u00e9s ne sont pas concern\u00e9s par la vaccination contre la Covid-19, mais les parents seront sensibilis\u00e9s de la possibilit\u00e9 d\u2019\u00eatre vaccin\u00e9s contre la grippe par leur professionnel de sant\u00e9 qui dispose d\u2019un bon de prise en charge sp\u00e9cifique sur amelipro.&nbsp;<br>&#8211;&nbsp;Les professionnels des fili\u00e8res avicoles et porcines sont cibl\u00e9s pour la vaccination contre la grippe mais non contre la Covid-19. Ils recevront une information via leur entreprise.<\/td><\/tr><\/tbody><\/table><\/figure>\n\n\n\n<h2 class=\"wp-block-heading\"><mark style=\"background-color:rgba(0, 0, 0, 0);color:#014f6b\" class=\"has-inline-color\">Les professionnels de sant\u00e9 sont \u00e9galement invit\u00e9s \u00e0 se faire vacciner<\/mark><\/h2>\n\n\n\n<p>Comme chaque ann\u00e9e les professionnels de sant\u00e9 lib\u00e9raux sont invit\u00e9s eux-m\u00eames&nbsp;\u00e0 se faire vacciner mais aussi \u00e0 sensibiliser leurs patients sur les enjeux de la vaccination.<br>De nouveaux professionnels en plus de ceux des ann\u00e9es pr\u00e9c\u00e9dentes sont cibl\u00e9s par les recommandations Ils recevront des invitations de la part de l\u2019Assurance maladie et leur vaccin sera pris en charge \u00e0 100%.<\/p>\n\n\n\n<h2 class=\"wp-block-heading\"><mark style=\"background-color:rgba(0, 0, 0, 0);color:#024f6b\" class=\"has-inline-color\">Elargissement et comp\u00e9tences vaccinales<\/mark><\/h2>\n\n\n\n<figure class=\"wp-block-image size-full is-resized\"><img loading=\"lazy\" decoding=\"async\" width=\"813\" height=\"157\" src=\"https:\/\/urpspharma.re\/wp-content\/uploads\/2025\/06\/vaccinateurs-1.png\" alt=\"\" class=\"wp-image-7089\" style=\"width:590px;height:auto\" srcset=\"https:\/\/urpspharma.re\/wp-content\/uploads\/2025\/06\/vaccinateurs-1.png 813w, https:\/\/urpspharma.re\/wp-content\/uploads\/2025\/06\/vaccinateurs-1-300x58.png 300w, https:\/\/urpspharma.re\/wp-content\/uploads\/2025\/06\/vaccinateurs-1-768x148.png 768w\" sizes=\"(max-width: 813px) 100vw, 813px\" \/><\/figure>\n\n\n\n<p>De&nbsp; fa\u00e7on d\u00e9rogatoire et exceptionnelle, pour ne manquer aucune opportunit\u00e9 de co-administration des vaccins contre la&nbsp;covid-19 et la grippe saisonni\u00e8re en ville (texte relatif&nbsp;\u00e0 l\u2019\u00e9tat d&#8217;urgence sanitaire),&nbsp;<strong>les pr\u00e9parateurs en pharmacie et les \u00e9tudiants de 2e cycle et de 3e cycle court de pharmacie peuvent, sous certaines conditions, administrer les vaccins contre la grippe en pharmacie d\u2019officine.<\/strong><\/p>\n\n\n\n<figure class=\"wp-block-table\"><table class=\"has-fixed-layout\"><thead><tr><th><strong>Les bons de prise en charge \u00e0 t\u00e9l\u00e9charger<\/strong><\/th><th><strong><strong>Liens utiles<\/strong><\/strong><\/th><\/tr><\/thead><tbody><tr><td><br><a href=\"https:\/\/www.cgss.re\/sites\/default\/files\/documents\/lr_ddgos_-_08_-_bon_de_prise_en_charge_vaccination_sur_pm_6_mois_10_ans_610e_sans_ald_remplissable_-_annexe_8.pdf\" target=\"_blank\" rel=\"noreferrer noopener\">Bon de prise en charge vaccination sur PM 6 mois 10 ans 610e sans ALD<\/a><br><a href=\"https:\/\/www.cgss.re\/sites\/default\/files\/documents\/lr_ddgos_-_09_-_bon_de_prise_en_charge_vaccination_sur_pm_6_mois_10_ans_610e_avec_ald_remplissable_-_annexe_9.pdf\" target=\"_blank\" rel=\"noreferrer noopener\">Bon de prise en charge vaccination sur PM 6 mois 10 ans 610e avec ALD<\/a><br><a href=\"https:\/\/www.cgss.re\/sites\/default\/files\/documents\/lr_ddgos_-_10_-_bon_de_prise_en_charge_vaccination_sur_pm_11_ans_et_plus_amelipro_610d_sans_ald_remplissable_-_annexe_10.pdf\" target=\"_blank\" rel=\"noreferrer noopener\">Bon de prise en charge vaccination sur PM 11 ans et plus amelipro 610d sans ALD<\/a><br><a href=\"https:\/\/www.cgss.re\/sites\/default\/files\/documents\/lr_ddgos_-_11_-_bon_de_prise_en_charge_vaccination_sur_pm_11_ans_et_plus_amelipro_610d_avec_ald_remplissable_-_annexe_11.pdf\" target=\"_blank\" rel=\"noreferrer noopener\">Bon de prise en charge vaccination sur PM 11 ans et plus amelipro 610d avec ALD<\/a><br><a href=\"https:\/\/www.cgss.re\/sites\/default\/files\/documents\/lr_ddgos_-_12_-_imprime_de_prise_en_charge_enfants_de_2_a_17_ans_amelipro_610f_remplissable_-_annexe_12.pdf\" target=\"_blank\" rel=\"noreferrer noopener\">Imprim\u00e9 de prise en charge enfants de 2 \u00e0 17 ans ameliPro 610f<\/a><br><a href=\"https:\/\/www.cgss.re\/sites\/default\/files\/documents\/lr_ddgos_-_13_-_courriel_femmes_enceintes_-_annexe_13.pdf\" target=\"_blank\" rel=\"noreferrer noopener\">Courriel femmes enceintes<\/a><br><\/td><td><br>&gt;&gt;&nbsp;<a href=\"https:\/\/www.ameli.fr\/sites\/default\/files\/Documents\/2024_MemoGrippe-Pharmaciens.pdf\" target=\"_blank\" rel=\"noreferrer noopener\">M\u00e9mo grippe pharmaciens<\/a><br>&gt;&gt;&nbsp;<a href=\"https:\/\/sante.gouv.fr\/prevention-en-sante\/preserver-sa-sante\/vaccination\/calendrier-vaccinal\" target=\"_blank\" rel=\"noreferrer noopener\">Calendrier des vaccinations<\/a><br>&gt;&gt;&nbsp;<a href=\"https:\/\/drive.google.com\/file\/d\/1HY2_4YvdmXeV6Gg63C5Egv4YTe7FjEbC\/view?usp=sharing\" target=\"_blank\" rel=\"noreferrer noopener\">Amelipro : tutoriel impression de prise en charge<\/a><br>&gt;&gt;&nbsp;<a href=\"https:\/\/www.ameli.fr\/pharmacien\/exercice-professionnel\/delivrance-produits-sante\/regles-delivrance-prise-charge\/delivrance-vaccination\/vaccination-grippe-saisonniere\" target=\"_blank\" rel=\"noreferrer noopener\">Ameli.fr<\/a><br>&gt;&gt;&nbsp;<a href=\"https:\/\/www.cgss.re\/sites\/default\/files\/documents\/250519_cp_lancement-campagne-grippe.pdf\" target=\"_blank\" rel=\"noreferrer noopener\">Communiqu\u00e9 de presse<\/a><br>&gt;&gt;&nbsp;<a href=\"https:\/\/www.lareunion.ars.sante.fr\/campagne-de-vaccination-contre-la-grippe-et-le-covid-19-deux-vaccins-pour-proteger-les-personnes\" target=\"_blank\" rel=\"noreferrer noopener\">ARS.sante.fr<\/a><br>&gt;&gt;&nbsp;<a href=\"https:\/\/www.cgss.re\/actualites\/campagne-de-vaccination-contre-la-grippe-et-le-covid-19-deux-vaccins-pour-proteger-les\" target=\"_blank\" rel=\"noreferrer noopener\">CGSS R\u00e9union<\/a><br>&gt;&gt;&nbsp;<a href=\"https:\/\/sante.gouv.fr\/prevention-en-sante\/preserver-sa-sante\/pour-un-hiver-sans-virus\/article\/questions-reponses-vaccination-grippe-saisonniere-et-covid-19\" target=\"_blank\" rel=\"noreferrer noopener\">Sant\u00e9.gouv : questions\/r\u00e9ponses<\/a><br>&gt;&gt;&nbsp;<a href=\"https:\/\/vaccination-info-service.fr\/Les-maladies-et-leurs-vaccins\/Grippe\" target=\"_blank\" rel=\"noreferrer noopener\">Vaccination-info-service.fr<\/a><\/td><\/tr><\/tbody><\/table><\/figure>\n\n\n\n<h2 class=\"wp-block-heading\"><mark style=\"background-color:rgba(0, 0, 0, 0);color:#004e6a\" class=\"has-inline-color\">AXIGRIP TETRA HS, suspension injectable<\/mark><\/h2>\n\n\n\n<ul>\n<li>Adultes : une dose de 0,5 ml.<\/li>\n\n\n\n<li>Enfants \u00e2g\u00e9s de 6 mois \u00e0 17 ans : une dose de 0,5 ml<\/li>\n\n\n\n<li>Chez les enfants \u00e2g\u00e9s de moins de 9 ans n\u2019ayant pas \u00e9t\u00e9 vaccin\u00e9s auparavant, une seconde dose de 0,5 ml devra \u00eatre administr\u00e9e apr\u00e8s un intervalle d\u2019au moins 4 semaines<\/li>\n<\/ul>\n\n\n\n<p>&gt;&gt;&nbsp;<a href=\"http:\/\/agence-prd.ansm.sante.fr\/php\/ecodex\/frames.php?specid=61402736&amp;typedoc=R&amp;ref=R0315349.htm\" target=\"_blank\" rel=\"noreferrer noopener\">ANSM<\/a><\/p>\n\n\n\n<h2 class=\"wp-block-heading\"><mark style=\"background-color:rgba(0, 0, 0, 0);color:#024f6b\" class=\"has-inline-color\">Co-administration des vaccins contre la grippe et contre la Covid-19<\/mark><\/h2>\n\n\n\n<p><mark style=\"background-color:rgba(0, 0, 0, 0);color:#af358a\" class=\"has-inline-color\">Attention :\u00a0<strong>En cas de vaccination concomitante avec la vaccination contre la Covid-19 il convient de r\u00e9aliser deux factures distinctes de l\u2019acte de vaccination.\u00a0<\/strong><\/mark><\/p>\n\n\n\n<p>Les campagnes de vaccination contre la grippe et la campagne de rappel de vaccination contre la&nbsp;Covid-19 se d\u00e9rouleront pendant la m\u00eame p\u00e9riode.&nbsp;<\/p>\n\n\n\n<p>Pour simplifier le parcours vaccinal, la HAS recommande de proposer l\u2019administration concomitante des vaccins contre la Covid-19 et contre la grippe saisonni\u00e8re d\u00e8s lors qu\u2019une personne est \u00e9ligible aux 2 vaccinations. Aucun d\u00e9lai n\u2019est n\u00e9cessaire entre ces 2&nbsp;vaccinations.<\/p>\n\n\n\n<p>&gt;&gt;&nbsp;<a href=\"https:\/\/www.has-sante.fr\/jcms\/p_3288855\/fr\/covid-19-et-grippe-la-has-precise-les-conditions-d-une-co-administration-des-vaccins\" target=\"_blank\" rel=\"noreferrer noopener\">HAS : conditions d\u2019une co-administration des vaccins<\/a><\/p>\n\n\n<div class=\"wp-block-image is-style-default\">\n<figure class=\"aligncenter is-resized\"><img loading=\"lazy\" decoding=\"async\" width=\"744\" height=\"411\" src=\"https:\/\/urpspharma.re\/wp-content\/uploads\/2022\/06\/Vaccin_Grippe_Covid_IMAGE-ET-LOGO678x454.png\" alt=\"\" class=\"wp-image-5191\" style=\"width:492px;height:auto\" srcset=\"https:\/\/urpspharma.re\/wp-content\/uploads\/2022\/06\/Vaccin_Grippe_Covid_IMAGE-ET-LOGO678x454.png 744w, https:\/\/urpspharma.re\/wp-content\/uploads\/2022\/06\/Vaccin_Grippe_Covid_IMAGE-ET-LOGO678x454-300x166.png 300w\" sizes=\"(max-width: 744px) 100vw, 744px\" \/><\/figure><\/div>\n\n\n<h2 class=\"wp-block-heading\"><strong><mark style=\"background-color:rgba(0, 0, 0, 0);color:#024f6b\" class=\"has-inline-color\">Tra\u00e7abilit\u00e9 et facturation<\/mark><\/strong><\/h2>\n\n\n\n<div class=\"wp-block-media-text is-stacked-on-mobile\" style=\"grid-template-columns:26% auto\"><figure class=\"wp-block-media-text__media\"><img loading=\"lazy\" decoding=\"async\" width=\"465\" height=\"310\" src=\"https:\/\/urpspharma.re\/wp-content\/uploads\/2025\/06\/comptoir.png\" alt=\"\" class=\"wp-image-7090 size-full\" srcset=\"https:\/\/urpspharma.re\/wp-content\/uploads\/2025\/06\/comptoir.png 465w, https:\/\/urpspharma.re\/wp-content\/uploads\/2025\/06\/comptoir-300x200.png 300w\" sizes=\"(max-width: 465px) 100vw, 465px\" \/><\/figure><div class=\"wp-block-media-text__content\">\n<p><strong>La tra\u00e7abilit\u00e9 de la co-administration dans le SI<\/strong><br>Lorsqu&#8217;un professionnel de sant\u00e9 administre les 2 vaccins le m\u00eame jour, il doit s\u00e9lectionner le motif \u00ab Rappel concomitant \u00e0 la vaccination grippe \u00bb dans le t\u00e9l\u00e9service Vaccin Covid.<br>Ce motif de rappel est propos\u00e9 lorsque le professionnel clique sur \u00ab Ajouter une vaccination \u00bb apr\u00e8s un sch\u00e9ma vaccinal complet.<\/p>\n<\/div><\/div>\n\n\n\n<p><strong>Consignes de facturation<\/strong><br>La pharmacie doit :<br>\u2022 S\u2019identifier, sur la feuille de soins, en tant que prescripteur et ex\u00e9cutant<br>\u2022 Utiliser le code nature de prestation VGP \u00ab Vaccination Grippe Pharmacien \u00bb<br>La prestation est factur\u00e9e en tiers payant.<\/p>\n\n\n\n<p><strong>Honoraire de vaccination et facturation du vaccin<\/strong><br>L&#8217;acte de vaccination VGP est fix\u00e9 pour La R\u00e9union \u00e0&nbsp;<strong>7.88\u20ac<\/strong>. Il est pris en charge \u00e0 100% uniquement pour les personnes en ALD, maternit\u00e9 ou invalidit\u00e9.<br>Il convient de facturer le vaccin en&nbsp;<strong>EXO7<\/strong>&nbsp;(pr\u00e9vention) pour une prise en charge \u00e0 100% du vaccin<br>Le vaccin est affect\u00e9 au code&nbsp;<strong>CIP 3400928099761&nbsp;<\/strong>au prix&nbsp;TTC&nbsp;public de&nbsp;<strong>16.14\u20ac&nbsp;<\/strong><br>(CEPS : 14,85\u20ac + HD7 : 1.29\u20ac)<br>&gt;&gt;&nbsp;<a href=\"https:\/\/www.ameli.fr\/sites\/default\/files\/Documents\/2024_MemoGrippe-Pharmaciens.pdf\" target=\"_blank\" rel=\"noreferrer noopener\">M\u00e9mo pharmacien<\/a><\/p>\n\n\n\n<p><strong><mark style=\"background-color:rgba(0, 0, 0, 0);color:#b1378d\" class=\"has-inline-color\">Pour rappel&nbsp;:&nbsp; les 2-17 ans sans comorbidit\u00e9s, le vaccin est uniquement pris en charge \u00e0 65%.<\/mark><\/strong><\/p>\n\n\n\n<p><strong>\u25baFacturation du vaccin :<\/strong><br>Le pharmacien \u00e9dite un bon de prise en charge vierge, disponible sur ameliPro, et transmet la facture \u00e0 l\u2019Assurance Maladie dans les conditions habituelles accompagn\u00e9e de la copie du bon de prise en charge et du courrier de l\u2019Urssaf adress\u00e9 directement au salari\u00e9, ou de l\u2019attestation transmise par la structure employeur du salari\u00e9 comme pi\u00e8ces justificatives.<\/p>\n\n\n\n<p>\u25ba<strong>Facturation de l\u2019injection :<\/strong><br>Le pharmacien qui a r\u00e9alis\u00e9 l\u2019injection, transmet la facture \u00e0 l\u2019Assurance Maladie accompagn\u00e9e de la copie du bon de prise en charge et du courrier de l\u2019Urssaf adress\u00e9 directement au salari\u00e9, ou de l\u2019attestation transmise par la structure employeur du salari\u00e9 comme pi\u00e8ces justificatives.<\/p>\n\n\n\n<h2 class=\"wp-block-heading\"><mark style=\"background-color:rgba(0, 0, 0, 0);color:#024f6c\" class=\"has-inline-color\">Comp\u00e9tences vaccinales :\u00a0 votre pharmacie est-elle d\u00e9clar\u00e9e aupr\u00e8s de l&#8217;ordre ?<\/mark><\/h2>\n\n\n\n<div class=\"wp-block-media-text is-stacked-on-mobile\" style=\"grid-template-columns:15% auto\"><figure class=\"wp-block-media-text__media\"><img loading=\"lazy\" decoding=\"async\" width=\"225\" height=\"225\" src=\"https:\/\/urpspharma.re\/wp-content\/uploads\/2025\/06\/image.png\" alt=\"\" class=\"wp-image-7091 size-full\" srcset=\"https:\/\/urpspharma.re\/wp-content\/uploads\/2025\/06\/image.png 225w, https:\/\/urpspharma.re\/wp-content\/uploads\/2025\/06\/image-150x150.png 150w\" sizes=\"(max-width: 225px) 100vw, 225px\" \/><\/figure><div class=\"wp-block-media-text__content\">\n<p>Dans le cadre de la mise en \u0153uvre des nouvelles comp\u00e9tences des pharmaciens en mati\u00e8re de prescription et d\u2019administration de vaccins, l\u2019Ordre national des pharmaciens a la responsabilit\u00e9 d&#8217;enregistrer les activit\u00e9s de vaccination d\u00e9clar\u00e9es par les pharmaciens.<\/p>\n\n\n\n<p><strong>Chaque pharmacien doit d\u00e9clarer personnellement son activit\u00e9 de prescription et\/ou d\u2019administration de vaccins<\/strong>.<\/p>\n<\/div><\/div>\n\n\n\n<p><\/p>\n\n\n\n<h3 class=\"wp-block-heading\"><strong>Comment d\u00e9clarer ?<\/strong><\/h3>\n\n\n\n<p>Pour acc\u00e9l\u00e9rer cette d\u00e9claration, l\u2019Ordre met d\u00e9sormais \u00e0 disposition des pharmaciens la plateforme&nbsp;<a href=\"https:\/\/e-pop.ordre.pharmacien.fr\/\" target=\"_blank\" rel=\"noreferrer noopener\"><strong>e-POP<\/strong><\/a><\/p>\n\n\n\n<p><a href=\"https:\/\/www.ordre.pharmacien.fr\/les-communications\/focus-sur\/les-actualites\/extension-des-competences-vaccinales-modalites-de-declaration-aupres-de-l-ordre\" target=\"_blank\" rel=\"noreferrer noopener\">&gt;&gt;&nbsp;<\/a><a href=\"https:\/\/www.lareunion.ars.sante.fr\/grippe-saisonniere-modalites-de-vaccination-par-les-pharmaciens\" target=\"_blank\" rel=\"noreferrer noopener\">O<\/a><a href=\"https:\/\/www.ordre.pharmacien.fr\/les-communications\/focus-sur\/les-actualites\/extension-des-competences-vaccinales-modalites-de-declaration-aupres-de-l-ordre\">rdre des pharmaciens : Modalit\u00e9s de d\u00e9claration<\/a><\/p>\n\n\n\n<h2 class=\"wp-block-heading\"><mark style=\"background-color:rgba(0, 0, 0, 0);color:#034e69\" class=\"has-inline-color\">Elimination des DASRI g\u00e9n\u00e9r\u00e9s par la vaccination<\/mark><\/h2>\n\n\n\n<figure class=\"wp-block-table\"><table><tbody><tr><td><img loading=\"lazy\" decoding=\"async\" height=\"66\" width=\"150\" src=\"https:\/\/mcusercontent.com\/07e1c2e988d75c3f3beefa643\/images\/6c1b7fc6-e7f6-a20d-9ac9-c3879a4642a4.png\"><br>Pour les pharmaciens vaccinateurs, il est n\u00e9cessaire de tracer l&#8217;\u00e9limination des DASRI g\u00e9n\u00e9r\u00e9e par la vaccination en officine.<br><br>&gt;&gt;&nbsp;<a href=\"https:\/\/www.dastri.fr\/\" target=\"_blank\" rel=\"noreferrer noopener\">dastri.fr<\/a><\/td><\/tr><\/tbody><\/table><\/figure>\n","protected":false},"excerpt":{"rendered":"<p>Les pharmaciens volontaires et form\u00e9s peuvent vacciner ! Toutes les opportunit\u00e9s de vaccination doivent \u00eatre saisies pour optimiser les deux campagnes de vaccination, grippe et rappel Covid-19, dans l\u2019objectif d\u2019un haut niveau de protection des plus fragiles. Strat\u00e9gie vaccinale Les pharmaciens d\u2019officine peuvent vacciner l\u2019ensemble des personnes de 11 ans et plus y compris celles&hellip;<\/p>\n","protected":false},"author":3,"featured_media":7087,"comment_status":"open","ping_status":"open","sticky":false,"template":"","format":"standard","meta":{"footnotes":""},"categories":[854,182],"tags":[543,68],"amp_enabled":true,"_links":{"self":[{"href":"https:\/\/urpspharma.re\/index.php?rest_route=\/wp\/v2\/posts\/7086"}],"collection":[{"href":"https:\/\/urpspharma.re\/index.php?rest_route=\/wp\/v2\/posts"}],"about":[{"href":"https:\/\/urpspharma.re\/index.php?rest_route=\/wp\/v2\/types\/post"}],"author":[{"embeddable":true,"href":"https:\/\/urpspharma.re\/index.php?rest_route=\/wp\/v2\/users\/3"}],"replies":[{"embeddable":true,"href":"https:\/\/urpspharma.re\/index.php?rest_route=%2Fwp%2Fv2%2Fcomments&post=7086"}],"version-history":[{"count":5,"href":"https:\/\/urpspharma.re\/index.php?rest_route=\/wp\/v2\/posts\/7086\/revisions"}],"predecessor-version":[{"id":7099,"href":"https:\/\/urpspharma.re\/index.php?rest_route=\/wp\/v2\/posts\/7086\/revisions\/7099"}],"wp:featuredmedia":[{"embeddable":true,"href":"https:\/\/urpspharma.re\/index.php?rest_route=\/wp\/v2\/media\/7087"}],"wp:attachment":[{"href":"https:\/\/urpspharma.re\/index.php?rest_route=%2Fwp%2Fv2%2Fmedia&parent=7086"}],"wp:term":[{"taxonomy":"category","embeddable":true,"href":"https:\/\/urpspharma.re\/index.php?rest_route=%2Fwp%2Fv2%2Fcategories&post=7086"},{"taxonomy":"post_tag","embeddable":true,"href":"https:\/\/urpspharma.re\/index.php?rest_route=%2Fwp%2Fv2%2Ftags&post=7086"}],"curies":[{"name":"wp","href":"https:\/\/api.w.org\/{rel}","templated":true}]}}