{"id":7110,"date":"2025-06-20T15:56:00","date_gmt":"2025-06-20T11:56:00","guid":{"rendered":"https:\/\/urpspharma.re\/?p=7110"},"modified":"2025-10-02T07:37:52","modified_gmt":"2025-10-02T03:37:52","slug":"mon-espace-sante-proposition-de-stand-en-officine","status":"publish","type":"post","link":"https:\/\/urpspharma.re\/?p=7110","title":{"rendered":"Mon espace sant\u00e9 : Proposition de stand en officine"},"content":{"rendered":"\n<h3 class=\"wp-block-heading has-text-align-center has-very-light-gray-to-cyan-bluish-gray-gradient-background has-background\">Proposition de stand en officine<\/h3>\n\n\n\n<h1 class=\"wp-block-heading has-text-align-center\">Mon espace sant\u00e9<\/h1>\n\n\n\n<p>Vous le connaissez d\u00e9sormais, Mon espace sant\u00e9 s&#8217;impose petit \u00e0 petit comme le carnet de sant\u00e9 num\u00e9rique de tous les Fran\u00e7ais ! Gr\u00e2ce \u00e0 ce service gratuit de l&#8217;Assurance Maladie, les patients peuvent conserver leurs documents de sant\u00e9 et communiquer&nbsp;de mani\u00e8re s\u00e9curis\u00e9e&nbsp;avec les professionnels de sant\u00e9 qui les accompagnent.<\/p>\n\n\n\n<figure class=\"wp-block-image size-full is-resized\"><img loading=\"lazy\" decoding=\"async\" width=\"1280\" height=\"720\" src=\"https:\/\/urpspharma.re\/wp-content\/uploads\/2025\/06\/bandeau-mon-espace-sante.png\" alt=\"\" class=\"wp-image-7111\" style=\"width:461px;height:auto\" srcset=\"https:\/\/urpspharma.re\/wp-content\/uploads\/2025\/06\/bandeau-mon-espace-sante.png 1280w, https:\/\/urpspharma.re\/wp-content\/uploads\/2025\/06\/bandeau-mon-espace-sante-300x169.png 300w, https:\/\/urpspharma.re\/wp-content\/uploads\/2025\/06\/bandeau-mon-espace-sante-1024x576.png 1024w, https:\/\/urpspharma.re\/wp-content\/uploads\/2025\/06\/bandeau-mon-espace-sante-768x432.png 768w\" sizes=\"(max-width: 1280px) 100vw, 1280px\" \/><\/figure>\n\n\n\n<p>Pour ceux d&#8217;entre vous qui sont \u00e9quip\u00e9s d&#8217;une messagerie s\u00e9curis\u00e9e de sant\u00e9 avec une\u00a0bo\u00eete aux lettres\u00a0organisationnelle, les patients peuvent vous envoyer directement leurs ordonnances via leur profil Mon espace sant\u00e9.<br>\u00a0<br>Certains de vos patients ne connaissent pas encore tr\u00e8s bien ce service\u00a0ou\u00a0ne sont pas \u00e0 l&#8217;aise avec le num\u00e9rique et auraient besoin d&#8217;aide pour activer leur compte ?<\/p>\n\n\n\n<figure class=\"wp-block-image size-full is-resized\"><img loading=\"lazy\" decoding=\"async\" width=\"800\" height=\"167\" src=\"https:\/\/urpspharma.re\/wp-content\/uploads\/2025\/06\/bandeau_mes_pharma1.jpg\" alt=\"\" class=\"wp-image-7142\" style=\"width:601px;height:auto\" srcset=\"https:\/\/urpspharma.re\/wp-content\/uploads\/2025\/06\/bandeau_mes_pharma1.jpg 800w, https:\/\/urpspharma.re\/wp-content\/uploads\/2025\/06\/bandeau_mes_pharma1-300x63.jpg 300w, https:\/\/urpspharma.re\/wp-content\/uploads\/2025\/06\/bandeau_mes_pharma1-768x160.jpg 768w\" sizes=\"(max-width: 800px) 100vw, 800px\" \/><\/figure>\n\n\n\n<p><strong>Les \u00e9quipes de TESIS et de l&#8217;Assurance Maladie se d\u00e9placent dans votre pharmacie pour venir \u00e0 leur rencontre, les sensibiliser \u00e0 Mon espace sant\u00e9 et&nbsp;aider,&nbsp;ceux qui en ont besoin, \u00e0 activer leur profil !&nbsp;&nbsp;<\/strong><\/p>\n\n\n\n<p><\/p>\n\n\n\n<h2 class=\"wp-block-heading\">Comment faire ?<\/h2>\n\n\n\n<div class=\"wp-block-media-text alignwide has-media-on-the-right is-stacked-on-mobile is-vertically-aligned-top has-fl-topbar-bg-color-background-color has-background\" style=\"grid-template-columns:auto 30%\"><div class=\"wp-block-media-text__content\">\n<p>De nombreuses officines ont d\u00e9j\u00e0 ouvert leurs portes et cette action est toujours tr\u00e8s appr\u00e9ci\u00e9e des patients.<\/p>\n\n\n\n<p>Alors, si vous aussi vous souhaitez organiser un stand<strong>&nbsp;Mon espace sant\u00e9<\/strong>&nbsp;dans votre pharmacie, vous pouvez \u00e9crire directement aux \u00e9quipes TESIS \u00e0 l&#8217;adresse mail \u00e0 l&#8217;adresse ci-dessous.<\/p>\n\n\n\n<p>Elles vous recontacteront&nbsp;pour trouver la meilleure date.<\/p>\n\n\n\n<div class=\"wp-block-buttons is-layout-flex wp-block-buttons-is-layout-flex\">\n<div class=\"wp-block-button has-custom-width wp-block-button__width-75 has-custom-font-size is-style-outline\" style=\"font-size:20px\"><a class=\"wp-block-button__link has-background wp-element-button\" style=\"border-radius:26px;background-color:#fbf9f9\">\u25ba&nbsp;monespacesante@tesis.re<\/a><\/div>\n<\/div>\n<\/div><figure class=\"wp-block-media-text__media\"><img loading=\"lazy\" decoding=\"async\" width=\"1024\" height=\"768\" src=\"https:\/\/urpspharma.re\/wp-content\/uploads\/2025\/06\/visuel-stand-1024x768.jpg\" alt=\"\" class=\"wp-image-7112 size-full\" srcset=\"https:\/\/urpspharma.re\/wp-content\/uploads\/2025\/06\/visuel-stand-1024x768.jpg 1024w, https:\/\/urpspharma.re\/wp-content\/uploads\/2025\/06\/visuel-stand-300x225.jpg 300w, https:\/\/urpspharma.re\/wp-content\/uploads\/2025\/06\/visuel-stand-768x576.jpg 768w, https:\/\/urpspharma.re\/wp-content\/uploads\/2025\/06\/visuel-stand-1536x1152.jpg 1536w, https:\/\/urpspharma.re\/wp-content\/uploads\/2025\/06\/visuel-stand.jpg 2000w\" sizes=\"(max-width: 1024px) 100vw, 1024px\" \/><\/figure><\/div>\n\n\n\n<p>Revivez la table ronde&nbsp;<strong>Mon espace sant\u00e9<\/strong>dans le secteur du m\u00e9dico-social, organis\u00e9 \u00e0 l&#8217;occasion de&nbsp;E-Nov, avec des t\u00e9moignages enrichissants et des vrais cas d&#8217;usage&nbsp;<a href=\"https:\/\/www.youtube.com\/watch?v=aly6XSJou9Y\" target=\"_blank\" rel=\"noreferrer noopener\">https:\/\/www.youtube.com\/watch?v=aly6XSJou9Y<\/a>&nbsp;<\/p>\n\n\n\n<p>Et rendez-vous sur<strong><em><a href=\"https:\/\/www.monespacesante.fr\/\" target=\"_blank\" rel=\"noreferrer noopener\">monespacesant\u00e9.fr<\/a>&nbsp;<\/em><\/strong>pour activer et d\u00e9couvrir votre carnet de sant\u00e9 num\u00e9rique !<\/p>\n\n\n\n<p><\/p>\n","protected":false},"excerpt":{"rendered":"<p>Proposition de stand en officine Mon espace sant\u00e9 Vous le connaissez d\u00e9sormais, Mon espace sant\u00e9 s&#8217;impose petit \u00e0 petit comme le carnet de sant\u00e9 num\u00e9rique de tous les Fran\u00e7ais ! Gr\u00e2ce \u00e0 ce service gratuit de l&#8217;Assurance Maladie, les patients peuvent conserver leurs documents de sant\u00e9 et communiquer&nbsp;de mani\u00e8re s\u00e9curis\u00e9e&nbsp;avec les professionnels de sant\u00e9 qui&hellip;<\/p>\n","protected":false},"author":3,"featured_media":7111,"comment_status":"open","ping_status":"open","sticky":false,"template":"","format":"standard","meta":{"footnotes":""},"categories":[854,182],"tags":[853,172,239],"amp_enabled":true,"_links":{"self":[{"href":"https:\/\/urpspharma.re\/index.php?rest_route=\/wp\/v2\/posts\/7110"}],"collection":[{"href":"https:\/\/urpspharma.re\/index.php?rest_route=\/wp\/v2\/posts"}],"about":[{"href":"https:\/\/urpspharma.re\/index.php?rest_route=\/wp\/v2\/types\/post"}],"author":[{"embeddable":true,"href":"https:\/\/urpspharma.re\/index.php?rest_route=\/wp\/v2\/users\/3"}],"replies":[{"embeddable":true,"href":"https:\/\/urpspharma.re\/index.php?rest_route=%2Fwp%2Fv2%2Fcomments&post=7110"}],"version-history":[{"count":9,"href":"https:\/\/urpspharma.re\/index.php?rest_route=\/wp\/v2\/posts\/7110\/revisions"}],"predecessor-version":[{"id":7143,"href":"https:\/\/urpspharma.re\/index.php?rest_route=\/wp\/v2\/posts\/7110\/revisions\/7143"}],"wp:featuredmedia":[{"embeddable":true,"href":"https:\/\/urpspharma.re\/index.php?rest_route=\/wp\/v2\/media\/7111"}],"wp:attachment":[{"href":"https:\/\/urpspharma.re\/index.php?rest_route=%2Fwp%2Fv2%2Fmedia&parent=7110"}],"wp:term":[{"taxonomy":"category","embeddable":true,"href":"https:\/\/urpspharma.re\/index.php?rest_route=%2Fwp%2Fv2%2Fcategories&post=7110"},{"taxonomy":"post_tag","embeddable":true,"href":"https:\/\/urpspharma.re\/index.php?rest_route=%2Fwp%2Fv2%2Ftags&post=7110"}],"curies":[{"name":"wp","href":"https:\/\/api.w.org\/{rel}","templated":true}]}}