{"id":7147,"date":"2025-09-24T09:42:15","date_gmt":"2025-09-24T05:42:15","guid":{"rendered":"https:\/\/urpspharma.re\/?p=7147"},"modified":"2025-10-02T07:54:41","modified_gmt":"2025-10-02T03:54:41","slug":"soiree-de-rencontre-ville-hopital-speciale-oncologie","status":"publish","type":"post","link":"https:\/\/urpspharma.re\/?p=7147","title":{"rendered":"Soir\u00e9e de rencontre \u00ab Ville-H\u00f4pital \u00bb sp\u00e9ciale oncologie"},"content":{"rendered":"\n<h3 class=\"wp-block-heading has-text-align-center has-very-light-gray-to-cyan-bluish-gray-gradient-background has-background\">Jeudi 09 octobre 2025 &#8211; Salle O\u2019Vacoa &#8211; Saint-Paul<\/h3>\n\n\n\n<h1 class=\"wp-block-heading has-text-align-center\">Soir\u00e9e d\u00e9di\u00e9e aux professionnels de sant\u00e9<\/h1>\n\n\n\n<p>Dans le cadre d\u2019OCTOBRE ROSE, la Direction des relations publiques a le plaisir de vous informer de la tenue de la soir\u00e9e de rencontre \u00ab Ville-H\u00f4pital \u00bb sp\u00e9ciale oncologie, le<\/p>\n\n\n\n<p class=\"has-text-align-center\"><strong><mark style=\"background-color:rgba(0, 0, 0, 0);color:#b2358c\" class=\"has-inline-color\">Jeudi 09 octobre2025 &#8211; Accueil \u00e0 partir de 17h<\/mark><\/strong><\/p>\n\n\n\n<p class=\"has-text-align-center\"><strong><mark style=\"background-color:rgba(0, 0, 0, 0);color:#b1378d\" class=\"has-inline-color\">1er \u00e9tage de la maison historique du CHOR, 5 impasse Plaine Chabrier \u00e0 Saint-Paul &#8211; salle O\u2019Vacoa<\/mark><\/strong><\/p>\n\n\n\n<p>\u2139\ufe0f Cette soir\u00e9e d\u00e9di\u00e9e aux professionnels a pour objectif de renforcer les ponts entre m\u00e9decine de ville et m\u00e9decine hospitali\u00e8re, et se veut un moment de partage d\u2019exp\u00e9riences, de collaboration, de coordination, de lien et d\u2019expertise entre professionnels pour favoriser les rencontres et pr\u00e9senter les activit\u00e9s du CHOR aux m\u00e9decins lib\u00e9raux.<\/p>\n\n\n\n<p>\u2705 Au programme<\/p>\n\n\n\n<p>Les mutations BRCAg chez les patientes r\u00e9unionnaises porteuses d\u2019un cancer du sein (Mme Mireille IRABE, conseill\u00e8re g\u00e9n\u00e9tique CHU Sud)<\/p>\n\n\n\n<p>G\u00e9n\u00e9ralit\u00e9s sur le cancer du sein et abord de l\u2019hormonoth\u00e9rapie (Dr DE FORCEVILLE et Dr CHANAL, oncologues au CHOR)<\/p>\n\n\n\n<p>Indications et techniques de reconstruction mammaire imm\u00e9diate dans la prise en charge du cancer du sein (Dr NGUYEN, gyn\u00e9cologue obst\u00e9tricienne au CHOR)<\/p>\n\n\n\n<p>Changements de pratiques concernant la radioth\u00e9rapie dans le cancer du sein (Dr ENCAOUA, oncologue au CHU)<\/p>\n\n\n\n<p>Parcours de soin actuel au CHOR (Dr CHANAL, oncologue au CHOR<\/p>\n\n\n\n<h2 class=\"wp-block-heading\">Inscription<\/h2>\n\n\n\n<div class=\"wp-block-media-text alignwide has-media-on-the-right is-stacked-on-mobile is-vertically-aligned-top has-fl-topbar-bg-color-background-color has-background\" style=\"grid-template-columns:auto 30%\"><div class=\"wp-block-media-text__content\">\n<p>La participation est gratuite et l\u2019inscription est obligatoire.<\/p>\n\n\n\n<p>Attention : places limit\u00e9es<\/p>\n\n\n\n<div class=\"wp-block-buttons is-layout-flex wp-block-buttons-is-layout-flex\">\n<div class=\"wp-block-button has-custom-width wp-block-button__width-75 has-custom-font-size is-style-outline\" style=\"font-size:20px\"><a class=\"wp-block-button__link has-background wp-element-button\" href=\"https:\/\/forms.office.com\/Pages\/ResponsePage.aspx?id=Oqxv-oQYdESsp1IxQnjobUvBb65iSxNIu6mKprvAe_JUN0s0NzVINURPMkw3U0owMU8wWjdVWjFKTi4u\" style=\"border-radius:26px;background-color:#fbf9f9\" target=\"_blank\" rel=\"noreferrer noopener\">\u25ba\u00a0Inscription en cliquant ICI<\/a><\/div>\n<\/div>\n<\/div><figure class=\"wp-block-media-text__media\"><img loading=\"lazy\" decoding=\"async\" width=\"506\" height=\"720\" src=\"https:\/\/urpspharma.re\/wp-content\/uploads\/2025\/09\/soiree-de-rencontre-ville-hopital-oncologie-octobre-rose.png\" alt=\"\" class=\"wp-image-7148 size-full\" srcset=\"https:\/\/urpspharma.re\/wp-content\/uploads\/2025\/09\/soiree-de-rencontre-ville-hopital-oncologie-octobre-rose.png 506w, https:\/\/urpspharma.re\/wp-content\/uploads\/2025\/09\/soiree-de-rencontre-ville-hopital-oncologie-octobre-rose-211x300.png 211w\" sizes=\"(max-width: 506px) 100vw, 506px\" \/><\/figure><\/div>\n\n\n\n<p><\/p>\n","protected":false},"excerpt":{"rendered":"<p>Jeudi 09 octobre 2025 &#8211; Salle O\u2019Vacoa &#8211; Saint-Paul Soir\u00e9e d\u00e9di\u00e9e aux professionnels de sant\u00e9 Dans le cadre d\u2019OCTOBRE ROSE, la Direction des relations publiques a le plaisir de vous informer de la tenue de la soir\u00e9e de rencontre \u00ab Ville-H\u00f4pital \u00bb sp\u00e9ciale oncologie, le Jeudi 09 octobre2025 &#8211; Accueil \u00e0 partir de 17h 1er&hellip;<\/p>\n","protected":false},"author":3,"featured_media":7148,"comment_status":"open","ping_status":"open","sticky":false,"template":"","format":"standard","meta":{"footnotes":""},"categories":[182,262],"tags":[420,582,15,239],"amp_enabled":true,"_links":{"self":[{"href":"https:\/\/urpspharma.re\/index.php?rest_route=\/wp\/v2\/posts\/7147"}],"collection":[{"href":"https:\/\/urpspharma.re\/index.php?rest_route=\/wp\/v2\/posts"}],"about":[{"href":"https:\/\/urpspharma.re\/index.php?rest_route=\/wp\/v2\/types\/post"}],"author":[{"embeddable":true,"href":"https:\/\/urpspharma.re\/index.php?rest_route=\/wp\/v2\/users\/3"}],"replies":[{"embeddable":true,"href":"https:\/\/urpspharma.re\/index.php?rest_route=%2Fwp%2Fv2%2Fcomments&post=7147"}],"version-history":[{"count":1,"href":"https:\/\/urpspharma.re\/index.php?rest_route=\/wp\/v2\/posts\/7147\/revisions"}],"predecessor-version":[{"id":7149,"href":"https:\/\/urpspharma.re\/index.php?rest_route=\/wp\/v2\/posts\/7147\/revisions\/7149"}],"wp:featuredmedia":[{"embeddable":true,"href":"https:\/\/urpspharma.re\/index.php?rest_route=\/wp\/v2\/media\/7148"}],"wp:attachment":[{"href":"https:\/\/urpspharma.re\/index.php?rest_route=%2Fwp%2Fv2%2Fmedia&parent=7147"}],"wp:term":[{"taxonomy":"category","embeddable":true,"href":"https:\/\/urpspharma.re\/index.php?rest_route=%2Fwp%2Fv2%2Fcategories&post=7147"},{"taxonomy":"post_tag","embeddable":true,"href":"https:\/\/urpspharma.re\/index.php?rest_route=%2Fwp%2Fv2%2Ftags&post=7147"}],"curies":[{"name":"wp","href":"https:\/\/api.w.org\/{rel}","templated":true}]}}