{"id":7167,"date":"2025-10-01T14:03:00","date_gmt":"2025-10-01T10:03:00","guid":{"rendered":"https:\/\/urpspharma.re\/?p=7167"},"modified":"2025-10-02T07:36:44","modified_gmt":"2025-10-02T03:36:44","slug":"octobre-rose","status":"publish","type":"post","link":"https:\/\/urpspharma.re\/?p=7167","title":{"rendered":"Octobre rose"},"content":{"rendered":"\n<h3 class=\"wp-block-heading has-text-align-center has-very-light-gray-to-cyan-bluish-gray-gradient-background has-background\">du 1er au 31 octobre 2025<\/h3>\n\n\n\n<h1 class=\"wp-block-heading has-text-align-center\">Mon pharmacien mobilis\u00e9 !<\/h1>\n\n\n\n<p>L&#8217;URPS Pharmaciens et Cap Onco R\u00e9union se mobilisent pour la pr\u00e9vention du cancer du sein.<\/p>\n\n\n\n<p><strong>Informer vos publics, promouvoir vos actions Octobre rose.<\/strong><\/p>\n\n\n\n<div class=\"wp-block-media-text is-stacked-on-mobile\" style=\"grid-template-columns:30% auto\"><figure class=\"wp-block-media-text__media\"><img loading=\"lazy\" decoding=\"async\" width=\"503\" height=\"718\" src=\"https:\/\/urpspharma.re\/wp-content\/uploads\/2025\/10\/OctRose-CapOncoReunion-Pros-URPS-pharmas-2025.png\" alt=\"\" class=\"wp-image-7168 size-full\" srcset=\"https:\/\/urpspharma.re\/wp-content\/uploads\/2025\/10\/OctRose-CapOncoReunion-Pros-URPS-pharmas-2025.png 503w, https:\/\/urpspharma.re\/wp-content\/uploads\/2025\/10\/OctRose-CapOncoReunion-Pros-URPS-pharmas-2025-210x300.png 210w\" sizes=\"(max-width: 503px) 100vw, 503px\" \/><\/figure><div class=\"wp-block-media-text__content\">\n<p class=\"has-large-font-size\" style=\"font-style:normal;font-weight:800\"><strong><mark style=\"background-color:rgba(0, 0, 0, 0);color:#ef22b1\" class=\"has-inline-color\">Nos objectifs<\/mark><\/strong><\/p>\n\n\n\n<p>\u25ba\u00a0<strong>Informer :\u00a0<\/strong><br>Mettre un visuel (affiche) sur votre engagement \u00e0 l&#8217;action.<\/p>\n\n\n\n<p>\u25ba&nbsp;<strong>Rep\u00e9rer &#8211; orienter et faciliter la prise de rendez-vous :&nbsp;<\/strong><br>Si une patiente n&#8217;a pas encore r\u00e9aliser de mammographie et\/ou signal des familiaux ou sympt\u00f4mes, proposer une prise de rendez-vous soit avec son m\u00e9decin traitant soit avec un radiologue agr\u00e9e (&nbsp;<a href=\"https:\/\/www.caponco.re\/depistage-organise-du-cancer-du-sein\/\" target=\"_blank\" rel=\"noreferrer noopener\">liste des radiologues<\/a>&nbsp;).<\/p>\n\n\n\n<p>\u25ba&nbsp;<strong>Relayer les \u00e9v\u00e9nements locaux :&nbsp;<\/strong><br>Afficher et partager sur les r\u00e9seaux sociaux locaux votre engagement.<\/p>\n<\/div><\/div>\n\n\n\n<h2 class=\"wp-block-heading\"><strong>Le d\u00e9pistage organis\u00e9 en pratique<\/strong><\/h2>\n\n\n\n<p>Le d\u00e9pistage organis\u00e9 du cancer du sein s&#8217;adresse aux femmes de 50 \u00e0 74 ans, sans facteur de risque particulier autre que l&#8217;\u00e2ge. Tous les 2 ans, elles re\u00e7oivent une invitation avec bon de prix en charge pour r\u00e9aliser gratuitement une mammographie et un examen clinique dans un centre agr\u00e9\u00e9.&nbsp;<\/p>\n\n\n\n<p>Les clich\u00e9s sont lus par un radiologue puis exclusivement relus par un second expert, garantissant la fiabilit\u00e9 du r\u00e9sultat.&nbsp;<\/p>\n\n\n\n<p>En cas d&#8217;anomalie, la patiente est orient\u00e9e vers son m\u00e9decin traitant pour des examens compl\u00e9mentaires. L&#8217;examen est pris en charge \u00e0 100 % par l&#8217;Assurance Maladie.&nbsp;<\/p>\n\n\n\n<p>Certaines femmes rel\u00e8vent d&#8217;un parcours personnalis\u00e9 : r\u00e9sident familiaux de cancer du sein ou de l&#8217;ovaire, mutation g\u00e9n\u00e9tique identifi\u00e9e, ant\u00e9c\u00e9dent de radioth\u00e9rapie thoracique ou pathologie mammaire \u00e0 risque.&nbsp;<\/p>\n\n\n\n<p>Dans ces cas, le suivi est d\u00e9fini par le m\u00e9decin, souvent avec une mammographie annuelle, compl\u00e9t\u00e9e si besoin par une \u00e9chographie ou une IRM.&nbsp;<\/p>\n\n\n\n<p>Ces patients ne participent pas au programme organis\u00e9 mais b\u00e9n\u00e9ficient d&#8217;une surveillance adapt\u00e9e et prise en charge.<\/p>\n\n\n\n<figure class=\"wp-block-table\"><table><tbody><tr><td><strong>Facteurs de risque \u00e0 conna\u00eetre\u00a0<\/strong><br>\u2022 \u00c2ge : risque couru \u00e0 partir de 50 ans.\u00a0<br>\u2022 Ant\u00e9c\u00e9dents familiaux (m\u00e8re, s\u0153ur, tante, fille).\u00a0<br>\u2022 Mutations g\u00e9n\u00e9tiques connues\u00a0<br>\u2022 Ant\u00e9c\u00e9dent personnel de cancer du sein ou d&#8217;une pathologie mammaire \u00e0 risque.\u00a0<br>\u2022 Irradiation thoracique ant\u00e9rieure<\/td><td><strong>R\u00f4le du pharmacien au comptoir\u00a0<\/strong><br>\u2022 Rappeler l&#8217;\u00e9ch\u00e9ance : \u00ab Avez-vous re\u00e7u votre courrier pour le d\u00e9pistage ? \u00bb\u00a0<br>\u2022 D\u00e9samorcer la peur de la douleur ou de la radiation : examen rapide, faible dose de rayons, b\u00e9n\u00e9fice largement sup\u00e9rieur au risque.\u00a0<br>\u2022 Orienter : donner le contact d&#8217;un centre d&#8217;imagerie agr\u00e9\u00e9 si besoin.<\/td><\/tr><\/tbody><\/table><\/figure>\n\n\n\n<h2 class=\"wp-block-heading\">1 &#8211; T\u00e9l\u00e9charger vos support de communication<\/h2>\n\n\n\n<div class=\"wp-block-media-text has-media-on-the-right is-stacked-on-mobile\" style=\"grid-template-columns:auto 30%\"><div class=\"wp-block-media-text__content\">\n<p>D\u00e9couvrez et t\u00e9l\u00e9chargez gratuitement,&nbsp;<strong>les supports de communication pour votre pharmacie<\/strong>&nbsp;cr\u00e9\u00e9s et propos\u00e9s par votre URPS et Cap Onco R\u00e9union pour sensibiliser vos patients au d\u00e9pistage du cancer du sein.<\/p>\n\n\n\n<p>&#8211;<a href=\"https:\/\/www.caponco.re\/wp-content\/uploads\/2025\/09\/affichemimmontete.png\" target=\"_blank\" rel=\"noreferrer noopener\">Affiche A4<\/a><br>&#8211;<a href=\"https:\/\/www.caponco.re\/wp-content\/uploads\/2025\/09\/Mi-M-mon-tete-Ote-couverturebanniere.png\" target=\"_blank\" rel=\"noreferrer noopener\">Bandeau r\u00e9seaux sociaux<\/a><\/p>\n\n\n\n<figure class=\"wp-block-image size-full\"><img loading=\"lazy\" decoding=\"async\" width=\"851\" height=\"315\" src=\"https:\/\/urpspharma.re\/wp-content\/uploads\/2025\/10\/Mi-M-mon-tete-Ote-couverturebanniere.png\" alt=\"\" class=\"wp-image-7169\" srcset=\"https:\/\/urpspharma.re\/wp-content\/uploads\/2025\/10\/Mi-M-mon-tete-Ote-couverturebanniere.png 851w, https:\/\/urpspharma.re\/wp-content\/uploads\/2025\/10\/Mi-M-mon-tete-Ote-couverturebanniere-300x111.png 300w, https:\/\/urpspharma.re\/wp-content\/uploads\/2025\/10\/Mi-M-mon-tete-Ote-couverturebanniere-768x284.png 768w\" sizes=\"(max-width: 851px) 100vw, 851px\" \/><\/figure>\n\n\n\n<p><strong>Vous pouvez \u00e9galement t\u00e9l\u00e9charger les outils de votre choix pour l&#8217;animation de votre action octobre rose<br><br><a href=\"https:\/\/www.caponco.re\/depistage-organise-du-cancer-du-sein\/\" target=\"_blank\" rel=\"noreferrer noopener\">&gt;&gt;T\u00e9l\u00e9chargez votre **Kit cl\u00e9 en main 974**<\/a>&nbsp;<\/strong><\/p>\n<\/div><figure class=\"wp-block-media-text__media\"><img loading=\"lazy\" decoding=\"async\" width=\"503\" height=\"718\" src=\"https:\/\/urpspharma.re\/wp-content\/uploads\/2025\/10\/OctRose-CapOncoReunion-Pros-URPS-pharmas-2025-1.png\" alt=\"\" class=\"wp-image-7170 size-full\" srcset=\"https:\/\/urpspharma.re\/wp-content\/uploads\/2025\/10\/OctRose-CapOncoReunion-Pros-URPS-pharmas-2025-1.png 503w, https:\/\/urpspharma.re\/wp-content\/uploads\/2025\/10\/OctRose-CapOncoReunion-Pros-URPS-pharmas-2025-1-210x300.png 210w\" sizes=\"(max-width: 503px) 100vw, 503px\" \/><\/figure><\/div>\n\n\n\n<p><strong>Les supports de communication de Cap Onco R\u00e9union<\/strong><\/p>\n\n\n\n<p><strong>Une expo p\u00e9dagogique \u00e0 afficher dans vos espaces, des vid\u00e9os t\u00e9moignages sous titr\u00e9es \u00e0 diffuser sur vos \u00e9crans\u2026 flyers de l&#8217;inca, affiches 974\u2026&nbsp;<\/strong><\/p>\n\n\n\n<div class=\"wp-block-media-text has-media-on-the-right is-stacked-on-mobile\" style=\"grid-template-columns:auto 30%\"><div class=\"wp-block-media-text__content\">\n<p><strong>Expo \u00ab Mon Corps Endemik \u00bb<\/strong><br>cr\u00e9\u00e9e et propos\u00e9e par Cap Onco R\u00e9union \u00e0 afficher dans votre pharmacie pour informer vos publics, &amp; manifester votre engagement en sant\u00e9 durant ce mois rose.<br>Qu&#8217;est-ce qu&#8217;un cancer du sein ?<br>Quels sont les facteurs de pr\u00e9vention ?<br>A quoi sert le d\u00e9pistage ?<br>Quel est le parcours de la mammographie ?<br>Pour r\u00e9pondre \u00e0 ces questions de mani\u00e8re originale, affichez l&#8217;exposition artistique &amp; p\u00e9dagogique sur la pr\u00e9vention du cancer du sein.\u00a0<br>Vous y trouvez : des \u0153uvres issues des Sobatkoz r\u00e9alis\u00e9es en collaboration avec l&#8217;\u00e9quipe de Cap Onco, le Comit\u00e9 Miss R\u00e9union, l&#8217;artiste R\u00e9unionnaise @Atelier Cosie ainsi que les informations pratiques de l&#8217;Institut National du Cancer.<\/p>\n\n\n\n<p>>>\u00a0<a href=\"https:\/\/www.caponco.re\/endemik-expo-docs\/\" target=\"_blank\" rel=\"noreferrer noopener\">T\u00e9l\u00e9charger l&#8217;expo \u00ab Mon corps end\u00e9mik \u00bb<\/a><\/p>\n<\/div><figure class=\"wp-block-media-text__media\"><img loading=\"lazy\" decoding=\"async\" width=\"791\" height=\"1024\" src=\"https:\/\/urpspharma.re\/wp-content\/uploads\/2025\/10\/moncorpsendemikexpo-791x1024.png\" alt=\"\" class=\"wp-image-7171 size-full\" srcset=\"https:\/\/urpspharma.re\/wp-content\/uploads\/2025\/10\/moncorpsendemikexpo-791x1024.png 791w, https:\/\/urpspharma.re\/wp-content\/uploads\/2025\/10\/moncorpsendemikexpo-232x300.png 232w, https:\/\/urpspharma.re\/wp-content\/uploads\/2025\/10\/moncorpsendemikexpo-768x994.png 768w, https:\/\/urpspharma.re\/wp-content\/uploads\/2025\/10\/moncorpsendemikexpo.png 812w\" sizes=\"(max-width: 791px) 100vw, 791px\" \/><\/figure><\/div>\n\n\n\n<h2 class=\"wp-block-heading\">2 &#8211; Inscrivez votre action dans l&#8217;agenda en ligne<\/h2>\n\n\n\n<div class=\"wp-block-media-text alignwide has-media-on-the-right is-stacked-on-mobile is-vertically-aligned-top has-fl-topbar-bg-color-background-color has-background\" style=\"grid-template-columns:auto 20%\"><div class=\"wp-block-media-text__content\">\n<p>Vous devez renseigner le nom de votre \u00e9v\u00e9nement, les dates, le descriptif (contenu) de votre action, accompagn\u00e9 d&#8217;une photo\/d&#8217;un logo et votre action sera relay\u00e9e dans l&#8217;agenda r\u00e9gional.<\/p>\n\n\n\n<p>&gt;&gt;&nbsp;<a href=\"https:\/\/www.caponco.re\/agenda\/\" target=\"_blank\" rel=\"noreferrer noopener\">&nbsp;D\u00e9couvrez l&#8217;agenda r\u00e9gional en cliquant ICI<\/a><\/p>\n\n\n\n<p>De nombreux acteurs y sont d\u00e9j\u00e0 inscrits.<br><em>Des recommandations pour bien r\u00e9diger votre \u00e9v\u00e9nement Octobre Rose 2025 vous seront propos\u00e9es.<\/em><\/p>\n\n\n\n<div class=\"wp-block-buttons has-custom-font-size has-medium-font-size is-layout-flex wp-block-buttons-is-layout-flex\">\n<div class=\"wp-block-button has-custom-width wp-block-button__width-75 has-custom-font-size is-style-fill\" style=\"font-size:20px\"><a class=\"wp-block-button__link has-background wp-element-button\" style=\"border-radius:26px;background-color:#ed0fab\">\u25ba\u00a0Inscrivez votre action en cliquant ICI<\/a><\/div>\n<\/div>\n<\/div><figure class=\"wp-block-media-text__media\"><img loading=\"lazy\" decoding=\"async\" width=\"500\" height=\"500\" src=\"https:\/\/urpspharma.re\/wp-content\/uploads\/2025\/10\/Logo-Agenda-OctRose-2025.png\" alt=\"\" class=\"wp-image-7172 size-full\" srcset=\"https:\/\/urpspharma.re\/wp-content\/uploads\/2025\/10\/Logo-Agenda-OctRose-2025.png 500w, https:\/\/urpspharma.re\/wp-content\/uploads\/2025\/10\/Logo-Agenda-OctRose-2025-300x300.png 300w, https:\/\/urpspharma.re\/wp-content\/uploads\/2025\/10\/Logo-Agenda-OctRose-2025-150x150.png 150w\" sizes=\"(max-width: 500px) 100vw, 500px\" \/><\/figure><\/div>\n\n\n\n<figure class=\"wp-block-table\"><table><tbody><tr><td>Liens utiles :<br><a href=\"https:\/\/www.caponco.re\/depistage-organise-du-cancer-du-sein\/\" target=\"_blank\" rel=\"noreferrer noopener\">caponco.re<\/a>\u00a0: Espace pour les professionnels de sant\u00e9<br><a href=\"https:\/\/jefaismondepistage.cancer.fr\/cancers-du-sein\/\" target=\"_blank\" rel=\"noreferrer noopener\">InCa &#8211; D\u00e9pistage des cancers du sein<\/a><br><a href=\"https:\/\/www.ameli.fr\/la-reunion\/assure\/sante\/themes\/cancer-sein\/depistage-organise-50-74-ans\" target=\"_blank\" rel=\"noreferrer noopener\">ameli.fr<\/a>\u00a0: D\u00e9pistage organis\u00e9 du cancer du sein pour les femmes entre 50 et 74 ans<\/td><\/tr><\/tbody><\/table><\/figure>\n","protected":false},"excerpt":{"rendered":"<p>du 1er au 31 octobre 2025 Mon pharmacien mobilis\u00e9 ! L&#8217;URPS Pharmaciens et Cap Onco R\u00e9union se mobilisent pour la pr\u00e9vention du cancer du sein. Informer vos publics, promouvoir vos actions Octobre rose. Nos objectifs \u25ba\u00a0Informer :\u00a0Mettre un visuel (affiche) sur votre engagement \u00e0 l&#8217;action. \u25ba&nbsp;Rep\u00e9rer &#8211; orienter et faciliter la prise de rendez-vous :&nbsp;Si&hellip;<\/p>\n","protected":false},"author":3,"featured_media":7170,"comment_status":"open","ping_status":"open","sticky":false,"template":"","format":"standard","meta":{"footnotes":""},"categories":[854,182],"tags":[582,15,239],"amp_enabled":true,"_links":{"self":[{"href":"https:\/\/urpspharma.re\/index.php?rest_route=\/wp\/v2\/posts\/7167"}],"collection":[{"href":"https:\/\/urpspharma.re\/index.php?rest_route=\/wp\/v2\/posts"}],"about":[{"href":"https:\/\/urpspharma.re\/index.php?rest_route=\/wp\/v2\/types\/post"}],"author":[{"embeddable":true,"href":"https:\/\/urpspharma.re\/index.php?rest_route=\/wp\/v2\/users\/3"}],"replies":[{"embeddable":true,"href":"https:\/\/urpspharma.re\/index.php?rest_route=%2Fwp%2Fv2%2Fcomments&post=7167"}],"version-history":[{"count":4,"href":"https:\/\/urpspharma.re\/index.php?rest_route=\/wp\/v2\/posts\/7167\/revisions"}],"predecessor-version":[{"id":7176,"href":"https:\/\/urpspharma.re\/index.php?rest_route=\/wp\/v2\/posts\/7167\/revisions\/7176"}],"wp:featuredmedia":[{"embeddable":true,"href":"https:\/\/urpspharma.re\/index.php?rest_route=\/wp\/v2\/media\/7170"}],"wp:attachment":[{"href":"https:\/\/urpspharma.re\/index.php?rest_route=%2Fwp%2Fv2%2Fmedia&parent=7167"}],"wp:term":[{"taxonomy":"category","embeddable":true,"href":"https:\/\/urpspharma.re\/index.php?rest_route=%2Fwp%2Fv2%2Fcategories&post=7167"},{"taxonomy":"post_tag","embeddable":true,"href":"https:\/\/urpspharma.re\/index.php?rest_route=%2Fwp%2Fv2%2Ftags&post=7167"}],"curies":[{"name":"wp","href":"https:\/\/api.w.org\/{rel}","templated":true}]}}