{"id":7187,"date":"2025-10-02T09:08:22","date_gmt":"2025-10-02T05:08:22","guid":{"rendered":"https:\/\/urpspharma.re\/?p=7187"},"modified":"2025-10-02T09:08:23","modified_gmt":"2025-10-02T05:08:23","slug":"congres-des-pharmaciens-2025","status":"publish","type":"post","link":"https:\/\/urpspharma.re\/?p=7187","title":{"rendered":"Congr\u00e8s des pharmaciens 2025"},"content":{"rendered":"\n<h3 class=\"wp-block-heading has-text-align-center has-very-light-gray-to-cyan-bluish-gray-gradient-background has-background\">Samedi 11 &amp; dimanche 12 octobre 2025<\/h3>\n\n\n\n<h2 class=\"wp-block-heading has-text-align-center\">Une \u00e9dition plus dynamique, innovante et enrichissante<\/h2>\n\n\n\n<h2 class=\"wp-block-heading\">Pourquoi venir<\/h2>\n\n\n\n<p>Un nouveau format du congr\u00e8s vous attend&nbsp;cette ann\u00e9e ! Un format plus concentr\u00e9, davantage centr\u00e9 sur l\u2019information, la formation et le partage de connaissances :<\/p>\n\n\n\n<ul>\n<li>1 samedi enti\u00e8rement consacr\u00e9 aux conf\u00e9rences pl\u00e9ni\u00e8res, avec la participation de responsables institutionnels, d\u2019experts scientifiques, d\u2019invit\u00e9s politiques et de repr\u00e9sentants syndicaux,<\/li>\n\n\n\n<li>1 dimanche exclusivement d\u00e9di\u00e9 \u00e0 l\u2019information et \u00e0 la formation, avec des ateliers pratiques et des s\u00e9ances de formations.<\/li>\n<\/ul>\n\n\n\n<p><strong>Toute l\u2019information<\/strong>&nbsp;<strong>sur l\u2019actualit\u00e9 et les \u00e9volutions de la profession, les acteurs du monde de la pharmacie r\u00e9unis&nbsp;<\/strong><\/p>\n\n\n\n<p>Le Congr\u00e8s National des Pharmaciens est une formidable opportunit\u00e9 de vous tenir inform\u00e9s sur l\u2019actualit\u00e9 professionnelle et les enjeux \u00e0 venir, d\u2019\u00e9largir vos champs de comp\u00e9tences et d\u2019enrichir votre expertise, mais aussi d\u2019\u00e9changer avec les diff\u00e9rents acteurs du secteur de la pharmacie dans le village exposants et de retrouver confr\u00e8res et cons\u0153urs dans une ambiance conviviale.<\/p>\n\n\n\n<p>Venez vivre&nbsp;2 jours intenses de d\u00e9bats et d\u2019\u00e9changes, de rencontres professionnelles et amicales, d\u2019\u00e9nergie collective<strong>.&nbsp;<\/strong><\/p>\n\n\n\n<h2 class=\"wp-block-heading has-text-align-center\">Rendez-vous les 11 et 12 octobre prochains \u00e0 Lyon&nbsp;!<\/h2>\n\n\n\n<h3 class=\"wp-block-heading has-text-align-center\">Centre de Congr\u00e8s de Lyon &#8211; 50 Quai Charles de Gaulle 69006 LYON<\/h3>\n\n\n\n<div class=\"wp-block-media-text alignwide has-media-on-the-right is-stacked-on-mobile is-vertically-aligned-top has-fl-topbar-bg-color-background-color has-background\" style=\"grid-template-columns:auto 30%\"><div class=\"wp-block-media-text__content\">\n<p>Retrouvez toutes les informations sur leur site internet :\u00a0<a href=\"https:\/\/www.congresdespharmaciens.org\/\">Accueil \u2013 Congr\u00e8s National Des Pharmaciens<\/a><\/p>\n\n\n\n<div class=\"wp-block-buttons is-layout-flex wp-block-buttons-is-layout-flex\">\n<div class=\"wp-block-button has-custom-width wp-block-button__width-100 has-custom-font-size is-style-outline\" style=\"font-size:20px\"><a class=\"wp-block-button__link wp-element-button\" href=\"https:\/\/www.congresdespharmaciens.org\/programme-general\/\" style=\"border-radius:26px\" target=\"_blank\" rel=\"noreferrer noopener\"><mark style=\"background-color:rgba(0, 0, 0, 0);color:#034f6b\" class=\"has-inline-color\">\u25ba\u00a0Cliquez ICI pour le PROGRAMME<\/mark><\/a><\/div>\n\n\n\n<div class=\"wp-block-button has-custom-width wp-block-button__width-100 has-custom-font-size is-style-outline\" style=\"font-size:20px\"><a class=\"wp-block-button__link wp-element-button\" href=\"https:\/\/my.weezevent.com\/congres-national-des-pharmaceins?_gl=1*13o5psq*_gcl_au*MzY3MTA1MTkyLjE3MzY3ODMwNTIuNzYyOTY4NTI1LjE3NDEyNTIxMzguMTc0MTI1MjEzOA..*_ga*MTA0NTA4MzQ1Mi4xNzM2NzgzMDUy*_ga_39H9VBFX7G*MTc0MTI1MjA5Mi41Ny4xLjE3NDEyNTIzNTIuMzIuMC4xMjEyNjExMDcz\" style=\"border-radius:26px\" target=\"_blank\" rel=\"noreferrer noopener\"><mark style=\"background-color:rgba(0, 0, 0, 0);color:#b3378e\" class=\"has-inline-color\">\u25ba\u00a0Cliquez ICI pour l&#8217;INSCRIPTION<\/mark><\/a><\/div>\n<\/div>\n<\/div><figure class=\"wp-block-media-text__media\"><img loading=\"lazy\" decoding=\"async\" width=\"500\" height=\"244\" src=\"https:\/\/urpspharma.re\/wp-content\/uploads\/2025\/10\/logo-cnp2025-recup-1-removebg-preview.png\" alt=\"\" class=\"wp-image-7188 size-full\" srcset=\"https:\/\/urpspharma.re\/wp-content\/uploads\/2025\/10\/logo-cnp2025-recup-1-removebg-preview.png 500w, https:\/\/urpspharma.re\/wp-content\/uploads\/2025\/10\/logo-cnp2025-recup-1-removebg-preview-300x146.png 300w\" sizes=\"(max-width: 500px) 100vw, 500px\" \/><\/figure><\/div>\n\n\n\n<p><\/p>\n","protected":false},"excerpt":{"rendered":"<p>Samedi 11 &amp; dimanche 12 octobre 2025 Une \u00e9dition plus dynamique, innovante et enrichissante Pourquoi venir Un nouveau format du congr\u00e8s vous attend&nbsp;cette ann\u00e9e ! Un format plus concentr\u00e9, davantage centr\u00e9 sur l\u2019information, la formation et le partage de connaissances : Toute l\u2019information&nbsp;sur l\u2019actualit\u00e9 et les \u00e9volutions de la profession, les acteurs du monde de&hellip;<\/p>\n","protected":false},"author":3,"featured_media":7188,"comment_status":"open","ping_status":"open","sticky":false,"template":"","format":"standard","meta":{"footnotes":""},"categories":[182,262],"tags":[858,239],"amp_enabled":true,"_links":{"self":[{"href":"https:\/\/urpspharma.re\/index.php?rest_route=\/wp\/v2\/posts\/7187"}],"collection":[{"href":"https:\/\/urpspharma.re\/index.php?rest_route=\/wp\/v2\/posts"}],"about":[{"href":"https:\/\/urpspharma.re\/index.php?rest_route=\/wp\/v2\/types\/post"}],"author":[{"embeddable":true,"href":"https:\/\/urpspharma.re\/index.php?rest_route=\/wp\/v2\/users\/3"}],"replies":[{"embeddable":true,"href":"https:\/\/urpspharma.re\/index.php?rest_route=%2Fwp%2Fv2%2Fcomments&post=7187"}],"version-history":[{"count":6,"href":"https:\/\/urpspharma.re\/index.php?rest_route=\/wp\/v2\/posts\/7187\/revisions"}],"predecessor-version":[{"id":7196,"href":"https:\/\/urpspharma.re\/index.php?rest_route=\/wp\/v2\/posts\/7187\/revisions\/7196"}],"wp:featuredmedia":[{"embeddable":true,"href":"https:\/\/urpspharma.re\/index.php?rest_route=\/wp\/v2\/media\/7188"}],"wp:attachment":[{"href":"https:\/\/urpspharma.re\/index.php?rest_route=%2Fwp%2Fv2%2Fmedia&parent=7187"}],"wp:term":[{"taxonomy":"category","embeddable":true,"href":"https:\/\/urpspharma.re\/index.php?rest_route=%2Fwp%2Fv2%2Fcategories&post=7187"},{"taxonomy":"post_tag","embeddable":true,"href":"https:\/\/urpspharma.re\/index.php?rest_route=%2Fwp%2Fv2%2Ftags&post=7187"}],"curies":[{"name":"wp","href":"https:\/\/api.w.org\/{rel}","templated":true}]}}