{"id":7218,"date":"2025-11-04T07:44:28","date_gmt":"2025-11-04T03:44:28","guid":{"rendered":"https:\/\/urpspharma.re\/?p=7218"},"modified":"2025-11-04T10:39:42","modified_gmt":"2025-11-04T06:39:42","slug":"colloque-lusage-des-plantes-en-sante","status":"publish","type":"post","link":"https:\/\/urpspharma.re\/?p=7218","title":{"rendered":"Colloque : L\u2019usage des plantes en sant\u00e9"},"content":{"rendered":"\n<h3 class=\"wp-block-heading has-text-align-center has-very-light-gray-to-cyan-bluish-gray-gradient-background has-background\">Jeudi 20 novembre 2025<\/h3>\n\n\n\n<h2 class=\"wp-block-heading has-text-align-center\">Regards culturels, scientifiques et r\u00e9glementaires<\/h2>\n\n\n\n<p>Cette journ\u00e9e a pour objectif de favoriser le dialogue entre la recherche acad\u00e9mique, les pratiques traditionnelles et les cadres r\u00e9glementaires. Elle rassemblera des enseignants-chercheurs, des professionnels de sant\u00e9 dont des pharmaciens, des tradipraticiens tisaneurs ainsi que des professionnels du secteur agricole, particuli\u00e8rement des producteurs et transformateurs, autour de conf\u00e9rences scientifiques et d\u2019\u00e9changes ouverts.<\/p>\n\n\n\n<p>Au programme : plusieurs tables rondes th\u00e9matiques consacr\u00e9es aux \u00e9volutions r\u00e9glementaires r\u00e9centes, aux questions relatives \u00e0 la pharmacop\u00e9e, ainsi qu\u2019\u00e0 la valorisation des savoirs et des pratiques traditionnelles dans le domaine de la sant\u00e9.<\/p>\n\n\n\n<p><\/p>\n\n\n\n<h2 class=\"wp-block-heading has-text-align-center\">Rendez-vous le jeudi 20 novembre 2025 \u00e0 compter de 8h30<\/h2>\n\n\n\n<h3 class=\"wp-block-heading has-text-align-center\">CAmphi Michel POLENYK \u2013 Universit\u00e9 du Moufia (Sainte Clotilde)<\/h3>\n\n\n\n<div class=\"wp-block-media-text alignwide has-media-on-the-right is-stacked-on-mobile is-vertically-aligned-top has-fl-topbar-bg-color-background-color has-background\" style=\"grid-template-columns:auto 34%\"><div class=\"wp-block-media-text__content\">\n<p><\/p>\n\n\n\n<div class=\"wp-block-buttons is-layout-flex wp-block-buttons-is-layout-flex\">\n<div class=\"wp-block-button has-custom-width wp-block-button__width-100 has-custom-font-size is-style-outline\" style=\"font-size:20px\"><a class=\"wp-block-button__link wp-element-button\" href=\"https:\/\/www.aplamedom.fr\/congres-and-colloques\/colloque-plantes-medicinales\/\" style=\"border-radius:26px\" target=\"_blank\" rel=\"noreferrer noopener\"><mark style=\"background-color:rgba(0, 0, 0, 0);color:#b3378e\" class=\"has-inline-color\">\u25ba\u00a0Cliquez ICI pour l&#8217;INSCRIPTION<\/mark><\/a><\/div>\n<\/div>\n\n\n\n<p>Programme : <\/p>\n\n\n\n<figure class=\"wp-block-image size-full is-resized\"><img loading=\"lazy\" decoding=\"async\" width=\"813\" height=\"674\" src=\"https:\/\/urpspharma.re\/wp-content\/uploads\/2025\/11\/Programme-colloque-usage-des-plantes-medicinales_201125.png\" alt=\"\" class=\"wp-image-7220\" style=\"width:548px;height:auto\" srcset=\"https:\/\/urpspharma.re\/wp-content\/uploads\/2025\/11\/Programme-colloque-usage-des-plantes-medicinales_201125.png 813w, https:\/\/urpspharma.re\/wp-content\/uploads\/2025\/11\/Programme-colloque-usage-des-plantes-medicinales_201125-300x249.png 300w, https:\/\/urpspharma.re\/wp-content\/uploads\/2025\/11\/Programme-colloque-usage-des-plantes-medicinales_201125-768x637.png 768w\" sizes=\"(max-width: 813px) 100vw, 813px\" \/><\/figure>\n<\/div><figure class=\"wp-block-media-text__media\"><img loading=\"lazy\" decoding=\"async\" width=\"509\" height=\"720\" src=\"https:\/\/urpspharma.re\/wp-content\/uploads\/2025\/11\/colloque-usage-des-plantes-en-sante_201125.jpg\" alt=\"\" class=\"wp-image-7219 size-full\" srcset=\"https:\/\/urpspharma.re\/wp-content\/uploads\/2025\/11\/colloque-usage-des-plantes-en-sante_201125.jpg 509w, https:\/\/urpspharma.re\/wp-content\/uploads\/2025\/11\/colloque-usage-des-plantes-en-sante_201125-212x300.jpg 212w\" sizes=\"(max-width: 509px) 100vw, 509px\" \/><\/figure><\/div>\n\n\n\n<p><\/p>\n","protected":false},"excerpt":{"rendered":"<p>Jeudi 20 novembre 2025 Regards culturels, scientifiques et r\u00e9glementaires Cette journ\u00e9e a pour objectif de favoriser le dialogue entre la recherche acad\u00e9mique, les pratiques traditionnelles et les cadres r\u00e9glementaires. Elle rassemblera des enseignants-chercheurs, des professionnels de sant\u00e9 dont des pharmaciens, des tradipraticiens tisaneurs ainsi que des professionnels du secteur agricole, particuli\u00e8rement des producteurs et transformateurs,&hellip;<\/p>\n","protected":false},"author":3,"featured_media":7219,"comment_status":"open","ping_status":"open","sticky":false,"template":"","format":"standard","meta":{"footnotes":""},"categories":[182,262],"tags":[860,239],"amp_enabled":true,"_links":{"self":[{"href":"https:\/\/urpspharma.re\/index.php?rest_route=\/wp\/v2\/posts\/7218"}],"collection":[{"href":"https:\/\/urpspharma.re\/index.php?rest_route=\/wp\/v2\/posts"}],"about":[{"href":"https:\/\/urpspharma.re\/index.php?rest_route=\/wp\/v2\/types\/post"}],"author":[{"embeddable":true,"href":"https:\/\/urpspharma.re\/index.php?rest_route=\/wp\/v2\/users\/3"}],"replies":[{"embeddable":true,"href":"https:\/\/urpspharma.re\/index.php?rest_route=%2Fwp%2Fv2%2Fcomments&post=7218"}],"version-history":[{"count":2,"href":"https:\/\/urpspharma.re\/index.php?rest_route=\/wp\/v2\/posts\/7218\/revisions"}],"predecessor-version":[{"id":7222,"href":"https:\/\/urpspharma.re\/index.php?rest_route=\/wp\/v2\/posts\/7218\/revisions\/7222"}],"wp:featuredmedia":[{"embeddable":true,"href":"https:\/\/urpspharma.re\/index.php?rest_route=\/wp\/v2\/media\/7219"}],"wp:attachment":[{"href":"https:\/\/urpspharma.re\/index.php?rest_route=%2Fwp%2Fv2%2Fmedia&parent=7218"}],"wp:term":[{"taxonomy":"category","embeddable":true,"href":"https:\/\/urpspharma.re\/index.php?rest_route=%2Fwp%2Fv2%2Fcategories&post=7218"},{"taxonomy":"post_tag","embeddable":true,"href":"https:\/\/urpspharma.re\/index.php?rest_route=%2Fwp%2Fv2%2Ftags&post=7218"}],"curies":[{"name":"wp","href":"https:\/\/api.w.org\/{rel}","templated":true}]}}