{"id":7256,"date":"2025-11-07T11:45:35","date_gmt":"2025-11-07T07:45:35","guid":{"rendered":"https:\/\/urpspharma.re\/?p=7256"},"modified":"2025-11-10T11:47:13","modified_gmt":"2025-11-10T07:47:13","slug":"vaccination-rappels-de-vaccin","status":"publish","type":"post","link":"https:\/\/urpspharma.re\/?p=7256","title":{"rendered":"Vaccination : Rappels de vaccin"},"content":{"rendered":"\n<h3 class=\"wp-block-heading has-text-align-center has-very-light-gray-to-cyan-bluish-gray-gradient-background has-background\">Vaccination des 11 &#8211; 25 ans<\/h3>\n\n\n\n<h1 class=\"wp-block-heading has-text-align-center\">Mon pharmacien mobilis\u00e9 ! <\/h1>\n\n\n\n<p>Pour renforcer cette mobilisation, l\u2019ARS lance une nouvelle campagne r\u00e9gionale sur le th\u00e8me des \u00ab Super-H\u00e9ros \u00bb en partenariat avec votre URPS et l&#8217;URML pour les m\u00e9decins. <\/p>\n\n\n\n<h2 class=\"wp-block-heading\">Recommandations<\/h2>\n\n\n\n<p>Le calendrier vaccinal 2025 comporte de nouvelles recommandations pour renforcer la protection des adolescents et jeunes adultes :<\/p>\n\n\n\n<ul>\n<li><strong>\u00c0 11\u201314 ans<\/strong>&nbsp;: vaccination contre les infections \u00e0 m\u00e9ningocoques ACWY, avec rattrapage possible jusqu\u2019\u00e0 24 ans.<\/li>\n\n\n\n<li><strong>De 11 \u00e0 14 ans<\/strong>&nbsp;: vaccination contre les infections \u00e0 Papillomavirus humains (HPV), avec rattrapage possible jusqu\u2019\u00e0 19 ans.<\/li>\n\n\n\n<li><strong>\u00c0 25 ans<\/strong>&nbsp;: rappel contre la dipht\u00e9rie, le t\u00e9tanos, la poliomy\u00e9lite et la coqueluche (DTCP), en compl\u00e9ments des rappels \u00e0 6 ans et \u00e0 11 ans.<\/li>\n\n\n\n<li><strong>ROR<\/strong>&nbsp;(rougeole, oreillons, rub\u00e9ole) : deux doses n\u00e9cessaires pour une protection compl\u00e8te, \u00e0 v\u00e9rifier d\u00e8s l\u2019adolescence.<\/li>\n<\/ul>\n\n\n\n<p><em>>><\/em> <a href=\"https:\/\/www.lareunion.ars.sante.fr\/calendrier-des-vaccinations\" data-type=\"link\" data-id=\"https:\/\/www.lareunion.ars.sante.fr\/calendrier-des-vaccinations\" target=\"_blank\" rel=\"noreferrer noopener\">Calendrier simplifi\u00e9 des vaccination ICI<\/a><\/p>\n\n\n\n<p>>> <strong>\u00a0<\/strong><a href=\"https:\/\/sante.gouv.fr\/prevention-en-sante\/preserver-sa-sante\/vaccination\/calendrier-vaccinal\" target=\"_blank\" rel=\"noreferrer noopener\"><strong>C<\/strong><\/a><a href=\"https:\/\/sante.gouv.fr\/prevention-en-sante\/preserver-sa-sante\/vaccination\/calendrier-vaccinal\" target=\"_blank\" rel=\"noreferrer noopener\"><strong>alendrier des vaccinations et les recommandations vaccinales 2025<\/strong><\/a><\/p>\n\n\n\n<p>>> <a href=\"https:\/\/www.lareunion.ars.sante.fr\/system\/files\/2025-10\/CP_ARS-campagne_rappel_vaccinal_27.10.2025__.pdf\" target=\"_blank\" rel=\"noreferrer noopener\">Communiqu\u00e9 de presse de l&#8217;ARS du 27 octobre 2025<\/a><\/p>\n\n\n\n<h2 class=\"wp-block-heading\">Une campagne de communication d\u00e9di\u00e9 aux 11-25 ans<\/h2>\n\n\n\n<div class=\"wp-block-media-text is-stacked-on-mobile\" style=\"grid-template-columns:31% auto\"><figure class=\"wp-block-media-text__media\"><img loading=\"lazy\" decoding=\"async\" width=\"490\" height=\"724\" src=\"https:\/\/urpspharma.re\/wp-content\/uploads\/2025\/11\/affiche-rappel-vaccinal-1.png\" alt=\"\" class=\"wp-image-7259 size-full\" srcset=\"https:\/\/urpspharma.re\/wp-content\/uploads\/2025\/11\/affiche-rappel-vaccinal-1.png 490w, https:\/\/urpspharma.re\/wp-content\/uploads\/2025\/11\/affiche-rappel-vaccinal-1-203x300.png 203w\" sizes=\"(max-width: 490px) 100vw, 490px\" \/><\/figure><div class=\"wp-block-media-text__content\">\n<p>L&#8217;affiche fera l&#8217;objet d&#8217;une livraison dans toutes pharmacies \u00e0 compter du 07 novembre 2025 dans votre bac grossiste.<\/p>\n\n\n\n<p>>> <a href=\"https:\/\/www.lareunion.ars.sante.fr\/system\/files\/2025-10\/25092025_ARS_Campagne_RappelVaccins_40x60cm_V3_HD.pdf\" data-type=\"link\" data-id=\"https:\/\/www.lareunion.ars.sante.fr\/system\/files\/2025-10\/25092025_ARS_Campagne_RappelVaccins_40x60cm_V3_HD.pdf\">T\u00e9l\u00e9chargement de l&#8217;affiche ICI<\/a><\/p>\n\n\n\n<p>>> <a href=\"https:\/\/www.lareunion.ars.sante.fr\/vaccination-des-11-25-ans-agir-maintenant-pour-une-protection-durable\" target=\"_blank\" rel=\"noreferrer noopener\">T\u00e9l\u00e9chargement des Spots radio et vid\u00e9o sur site de l&#8217;ARS ICI <\/a><\/p>\n<\/div><\/div>\n\n\n\n<p><strong>Une \u00e9mission Vital<\/strong>, diffus\u00e9e le 1er novembre 2025 sur R\u00e9union 1<sup>\u00e8re<\/sup>.\u00a0<\/p>\n\n\n\n<p>>> <a href=\"https:\/\/www.lareunion.ars.sante.fr\/emission-vital-2\" target=\"_blank\" rel=\"noreferrer noopener\">Emission Vital 447 ICI<\/a><\/p>\n\n\n\n<p><\/p>\n","protected":false},"excerpt":{"rendered":"<p>Vaccination des 11 &#8211; 25 ans Mon pharmacien mobilis\u00e9 ! Pour renforcer cette mobilisation, l\u2019ARS lance une nouvelle campagne r\u00e9gionale sur le th\u00e8me des \u00ab Super-H\u00e9ros \u00bb en partenariat avec votre URPS et l&#8217;URML pour les m\u00e9decins. Recommandations Le calendrier vaccinal 2025 comporte de nouvelles recommandations pour renforcer la protection des adolescents et jeunes adultes&hellip;<\/p>\n","protected":false},"author":3,"featured_media":7258,"comment_status":"open","ping_status":"open","sticky":false,"template":"","format":"standard","meta":{"footnotes":""},"categories":[854,182],"tags":[866,239,68],"amp_enabled":true,"_links":{"self":[{"href":"https:\/\/urpspharma.re\/index.php?rest_route=\/wp\/v2\/posts\/7256"}],"collection":[{"href":"https:\/\/urpspharma.re\/index.php?rest_route=\/wp\/v2\/posts"}],"about":[{"href":"https:\/\/urpspharma.re\/index.php?rest_route=\/wp\/v2\/types\/post"}],"author":[{"embeddable":true,"href":"https:\/\/urpspharma.re\/index.php?rest_route=\/wp\/v2\/users\/3"}],"replies":[{"embeddable":true,"href":"https:\/\/urpspharma.re\/index.php?rest_route=%2Fwp%2Fv2%2Fcomments&post=7256"}],"version-history":[{"count":2,"href":"https:\/\/urpspharma.re\/index.php?rest_route=\/wp\/v2\/posts\/7256\/revisions"}],"predecessor-version":[{"id":7261,"href":"https:\/\/urpspharma.re\/index.php?rest_route=\/wp\/v2\/posts\/7256\/revisions\/7261"}],"wp:featuredmedia":[{"embeddable":true,"href":"https:\/\/urpspharma.re\/index.php?rest_route=\/wp\/v2\/media\/7258"}],"wp:attachment":[{"href":"https:\/\/urpspharma.re\/index.php?rest_route=%2Fwp%2Fv2%2Fmedia&parent=7256"}],"wp:term":[{"taxonomy":"category","embeddable":true,"href":"https:\/\/urpspharma.re\/index.php?rest_route=%2Fwp%2Fv2%2Fcategories&post=7256"},{"taxonomy":"post_tag","embeddable":true,"href":"https:\/\/urpspharma.re\/index.php?rest_route=%2Fwp%2Fv2%2Ftags&post=7256"}],"curies":[{"name":"wp","href":"https:\/\/api.w.org\/{rel}","templated":true}]}}