{"id":7262,"date":"2025-10-27T11:49:20","date_gmt":"2025-10-27T07:49:20","guid":{"rendered":"https:\/\/urpspharma.re\/?p=7262"},"modified":"2025-11-10T12:00:51","modified_gmt":"2025-11-10T08:00:51","slug":"e-nov-2025-lia-au-coeur-de-la-sante","status":"publish","type":"post","link":"https:\/\/urpspharma.re\/?p=7262","title":{"rendered":"E-Nov 2025 : l&#8217;IA au coeur de la\u00a0sant\u00e9"},"content":{"rendered":"\n<h3 class=\"wp-block-heading has-text-align-center has-very-light-gray-to-cyan-bluish-gray-gradient-background has-background\">Vendredi 21 novembre 2025 &#8211; Kabarkdock, Le Port<\/h3>\n\n\n\n<p><strong>e-Nov 2025, l&#8217;\u00e9v\u00e9nement du num\u00e9rique en sant\u00e9 \u00e0 La R\u00e9union, \u00e0 la lumi\u00e8re de l\u2019Intelligence artificielle.<\/strong><\/p>\n\n\n\n<p>D\u00e9di\u00e9 aux professionnels du sanitaire et du m\u00e9dico-social, e-Nov est votre rendez-vous incontournable, pour comprendre la transformation num\u00e9rique en sant\u00e9.<\/p>\n\n\n\n<p>Pour cette 4<em>e<\/em>\u00a0\u00e9dition, l\u2019intelligence artificielle en sant\u00e9 est \u00e0 l\u2019honneur. Avec une programmation exceptionnelle articul\u00e9e autour des enjeux, des usages concrets, et des perspectives de cette technologie qui bouleverse les m\u00e9tiers de la sant\u00e9.<\/p>\n\n\n\n<p>\u2705 Au programme<\/p>\n\n\n\n<p>Trois conf\u00e9renciers de renom, experts en IA et cybers\u00e9curit\u00e9, viendront partager leur expertise et leurs conseils pour mieux int\u00e9grer ces outils au service de vos m\u00e9tiers. Les enjeux li\u00e9s \u00e0 la sant\u00e9, \u00e0 l\u2019\u00e9thique et \u00e0 la protection des donn\u00e9es de sant\u00e9 seront au coeur des d\u00e9bats.<br>Un atelier de r\u00e9flexion viendra compl\u00e9ter ces interventions, sur l&#8217;orientation que nous souhaitons donner \u00e0 l\u2019usage de l\u2019IA dans les m\u00e9tiers de la e-sant\u00e9.<\/p>\n\n\n\n<h2 class=\"wp-block-heading\">Inscription<\/h2>\n\n\n\n<div class=\"wp-block-media-text alignwide has-media-on-the-right is-stacked-on-mobile is-vertically-aligned-top has-fl-topbar-bg-color-background-color has-background\" style=\"grid-template-columns:auto 37%\"><div class=\"wp-block-media-text__content\">\n<p>\u00e9v\u00e8nement gratuit\u00a0<\/p>\n\n\n\n<div class=\"wp-block-buttons is-layout-flex wp-block-buttons-is-layout-flex\">\n<div class=\"wp-block-button has-custom-width wp-block-button__width-75 has-custom-font-size is-style-outline\" style=\"font-size:20px\"><a class=\"wp-block-button__link has-background wp-element-button\" href=\"https:\/\/www.eventbrite.fr\/e\/billets-e-nov-2025-levenement-du-numerique-en-sante-a-la-reunion-1383522435849?aff=oddtdtcreator&amp;utm-source=cp&amp;utm-campaign=social&amp;utm-content=attendeeshare&amp;utm-medium=discovery&amp;utm-term=listing\" style=\"border-radius:26px;background-color:#fbf9f9\" target=\"_blank\" rel=\"noreferrer noopener\">\u25ba\u00a0Programme d\u00e9taill\u00e9 et inscription en cliquant ICI<\/a><\/div>\n<\/div>\n<\/div><figure class=\"wp-block-media-text__media\"><img loading=\"lazy\" decoding=\"async\" width=\"526\" height=\"526\" src=\"https:\/\/urpspharma.re\/wp-content\/uploads\/2025\/11\/E-NOV-2025.jpg\" alt=\"\" class=\"wp-image-7263 size-full\" srcset=\"https:\/\/urpspharma.re\/wp-content\/uploads\/2025\/11\/E-NOV-2025.jpg 526w, https:\/\/urpspharma.re\/wp-content\/uploads\/2025\/11\/E-NOV-2025-300x300.jpg 300w, https:\/\/urpspharma.re\/wp-content\/uploads\/2025\/11\/E-NOV-2025-150x150.jpg 150w\" sizes=\"(max-width: 526px) 100vw, 526px\" \/><\/figure><\/div>\n\n\n\n<p><\/p>\n","protected":false},"excerpt":{"rendered":"<p>Vendredi 21 novembre 2025 &#8211; Kabarkdock, Le Port e-Nov 2025, l&#8217;\u00e9v\u00e9nement du num\u00e9rique en sant\u00e9 \u00e0 La R\u00e9union, \u00e0 la lumi\u00e8re de l\u2019Intelligence artificielle. D\u00e9di\u00e9 aux professionnels du sanitaire et du m\u00e9dico-social, e-Nov est votre rendez-vous incontournable, pour comprendre la transformation num\u00e9rique en sant\u00e9. Pour cette 4e\u00a0\u00e9dition, l\u2019intelligence artificielle en sant\u00e9 est \u00e0 l\u2019honneur. Avec&hellip;<\/p>\n","protected":false},"author":3,"featured_media":7263,"comment_status":"open","ping_status":"open","sticky":false,"template":"","format":"standard","meta":{"footnotes":""},"categories":[182,262],"tags":[867,239],"amp_enabled":true,"_links":{"self":[{"href":"https:\/\/urpspharma.re\/index.php?rest_route=\/wp\/v2\/posts\/7262"}],"collection":[{"href":"https:\/\/urpspharma.re\/index.php?rest_route=\/wp\/v2\/posts"}],"about":[{"href":"https:\/\/urpspharma.re\/index.php?rest_route=\/wp\/v2\/types\/post"}],"author":[{"embeddable":true,"href":"https:\/\/urpspharma.re\/index.php?rest_route=\/wp\/v2\/users\/3"}],"replies":[{"embeddable":true,"href":"https:\/\/urpspharma.re\/index.php?rest_route=%2Fwp%2Fv2%2Fcomments&post=7262"}],"version-history":[{"count":1,"href":"https:\/\/urpspharma.re\/index.php?rest_route=\/wp\/v2\/posts\/7262\/revisions"}],"predecessor-version":[{"id":7264,"href":"https:\/\/urpspharma.re\/index.php?rest_route=\/wp\/v2\/posts\/7262\/revisions\/7264"}],"wp:featuredmedia":[{"embeddable":true,"href":"https:\/\/urpspharma.re\/index.php?rest_route=\/wp\/v2\/media\/7263"}],"wp:attachment":[{"href":"https:\/\/urpspharma.re\/index.php?rest_route=%2Fwp%2Fv2%2Fmedia&parent=7262"}],"wp:term":[{"taxonomy":"category","embeddable":true,"href":"https:\/\/urpspharma.re\/index.php?rest_route=%2Fwp%2Fv2%2Fcategories&post=7262"},{"taxonomy":"post_tag","embeddable":true,"href":"https:\/\/urpspharma.re\/index.php?rest_route=%2Fwp%2Fv2%2Ftags&post=7262"}],"curies":[{"name":"wp","href":"https:\/\/api.w.org\/{rel}","templated":true}]}}