{"id":7275,"date":"2025-12-12T11:35:13","date_gmt":"2025-12-12T07:35:13","guid":{"rendered":"https:\/\/urpspharma.re\/?p=7275"},"modified":"2025-12-15T11:42:04","modified_gmt":"2025-12-15T07:42:04","slug":"etudiant-en-sante-these-de-medecine-generale","status":"publish","type":"post","link":"https:\/\/urpspharma.re\/?p=7275","title":{"rendered":"Etudiant en sant\u00e9 : Th\u00e8se de m\u00e9decine g\u00e9n\u00e9rale"},"content":{"rendered":"\n<h3 class=\"wp-block-heading has-text-align-center has-very-light-gray-to-cyan-bluish-gray-gradient-background has-background\">Appel \u00e0 collaboration des pharmaciens de La R\u00e9union<\/h3>\n\n\n\n<p><\/p>\n\n\n\n<p><\/p>\n\n\n\n<p>Dans le cadre de ma th\u00e8se de m\u00e9decine g\u00e9n\u00e9rale, je m\u00e8ne une \u00e9tude portant sur la prescription de l\u2019Artane (Trihexyph\u00e9nidyle) \u00e0 La R\u00e9union, dans un contexte de m\u00e9susage pr\u00e9occupant sur le territoire.<br><\/p>\n\n\n\n<p>L\u2019objectif est de mieux comprendre les pratiques des professionnels de sant\u00e9, les difficult\u00e9s rencontr\u00e9es et les strat\u00e9gies mises en place pour s\u00e9curiser ces prescriptions.<\/p>\n\n\n\n<p>La participation des pharmaciens est essentielle pour permettre l\u2019identification de m\u00e9decins prescripteurs d\u2019Artane.<br>Un formulaire s\u00e9curis\u00e9 est mis \u00e0 disposition afin de transmettre leurs coordonn\u00e9es, dans le seul but de leur proposer de participer \u00e0 l\u2019\u00e9tude.<\/p>\n\n\n\n<p>Les m\u00e9decins seront ensuite contact\u00e9s directement par mes soins. Leur participation reposera sur le volontariat, dans le cadre d\u2019un entretien confidentiel, anonyme, d\u2019une dur\u00e9e de 20 \u00e0 30 minutes.<br>Aucune donn\u00e9e nominative ne sera conserv\u00e9e en dehors de la prise de contact.<\/p>\n\n\n\n<p>Ce travail vise \u00e0 am\u00e9liorer la s\u00e9curit\u00e9 des prescriptions et la prise en charge des patients concern\u00e9s \u00e0 La R\u00e9union.<\/p>\n\n\n\n<p>Je vous remercie sinc\u00e8rement pour votre pr\u00e9cieuse collaboration.<\/p>\n\n\n\n<p>Les r\u00e9ponses resteront confidentielles et utilis\u00e9es uniquement \u00e0 des fins universitaires.\u00a0<\/p>\n\n\n\n<p>J\u00e9r\u00f4me Payet<br>Interne en m\u00e9decine g\u00e9n\u00e9rale \u2013 Universit\u00e9 de La R\u00e9union<\/p>\n\n\n\n<div class=\"wp-block-media-text alignwide has-media-on-the-right is-stacked-on-mobile is-vertically-aligned-top has-fl-topbar-bg-color-background-color has-background\" style=\"grid-template-columns:auto 34%\"><div class=\"wp-block-media-text__content\">\n<p>Lien vers le formulaire de transmission des contacts :<\/p>\n\n\n\n<div class=\"wp-block-buttons is-layout-flex wp-block-buttons-is-layout-flex\">\n<div class=\"wp-block-button has-custom-width wp-block-button__width-100 has-custom-font-size is-style-outline\" style=\"font-size:20px\"><a class=\"wp-block-button__link wp-element-button\" href=\"https:\/\/docs.google.com\/forms\/d\/e\/1FAIpQLSf22VXwKNjmtN7-zxNw5ApnOsjdJkyF-R3oJipqgWMQu4nkWg\/viewform\" style=\"border-radius:26px\" target=\"_blank\" rel=\"noreferrer noopener\"><mark style=\"background-color:rgba(0, 0, 0, 0);color:#b3378e\" class=\"has-inline-color\">\u25ba\u00a0Formulaire en cliquant ICI<\/mark><\/a><\/div>\n<\/div>\n<\/div><figure class=\"wp-block-media-text__media\"><img loading=\"lazy\" decoding=\"async\" width=\"1024\" height=\"724\" src=\"https:\/\/urpspharma.re\/wp-content\/uploads\/2025\/11\/memoire-1024x724.jpg\" alt=\"\" class=\"wp-image-7250 size-full\" srcset=\"https:\/\/urpspharma.re\/wp-content\/uploads\/2025\/11\/memoire-1024x724.jpg 1024w, https:\/\/urpspharma.re\/wp-content\/uploads\/2025\/11\/memoire-300x212.jpg 300w, https:\/\/urpspharma.re\/wp-content\/uploads\/2025\/11\/memoire-768x543.jpg 768w, https:\/\/urpspharma.re\/wp-content\/uploads\/2025\/11\/memoire-1536x1086.jpg 1536w, https:\/\/urpspharma.re\/wp-content\/uploads\/2025\/11\/memoire.jpg 2000w\" sizes=\"(max-width: 1024px) 100vw, 1024px\" \/><\/figure><\/div>\n\n\n\n<p><\/p>\n","protected":false},"excerpt":{"rendered":"<p>Appel \u00e0 collaboration des pharmaciens de La R\u00e9union Dans le cadre de ma th\u00e8se de m\u00e9decine g\u00e9n\u00e9rale, je m\u00e8ne une \u00e9tude portant sur la prescription de l\u2019Artane (Trihexyph\u00e9nidyle) \u00e0 La R\u00e9union, dans un contexte de m\u00e9susage pr\u00e9occupant sur le territoire. L\u2019objectif est de mieux comprendre les pratiques des professionnels de sant\u00e9, les difficult\u00e9s rencontr\u00e9es et&hellip;<\/p>\n","protected":false},"author":3,"featured_media":7250,"comment_status":"open","ping_status":"open","sticky":false,"template":"","format":"standard","meta":{"footnotes":""},"categories":[182,863],"tags":[865,864],"amp_enabled":true,"_links":{"self":[{"href":"https:\/\/urpspharma.re\/index.php?rest_route=\/wp\/v2\/posts\/7275"}],"collection":[{"href":"https:\/\/urpspharma.re\/index.php?rest_route=\/wp\/v2\/posts"}],"about":[{"href":"https:\/\/urpspharma.re\/index.php?rest_route=\/wp\/v2\/types\/post"}],"author":[{"embeddable":true,"href":"https:\/\/urpspharma.re\/index.php?rest_route=\/wp\/v2\/users\/3"}],"replies":[{"embeddable":true,"href":"https:\/\/urpspharma.re\/index.php?rest_route=%2Fwp%2Fv2%2Fcomments&post=7275"}],"version-history":[{"count":3,"href":"https:\/\/urpspharma.re\/index.php?rest_route=\/wp\/v2\/posts\/7275\/revisions"}],"predecessor-version":[{"id":7278,"href":"https:\/\/urpspharma.re\/index.php?rest_route=\/wp\/v2\/posts\/7275\/revisions\/7278"}],"wp:featuredmedia":[{"embeddable":true,"href":"https:\/\/urpspharma.re\/index.php?rest_route=\/wp\/v2\/media\/7250"}],"wp:attachment":[{"href":"https:\/\/urpspharma.re\/index.php?rest_route=%2Fwp%2Fv2%2Fmedia&parent=7275"}],"wp:term":[{"taxonomy":"category","embeddable":true,"href":"https:\/\/urpspharma.re\/index.php?rest_route=%2Fwp%2Fv2%2Fcategories&post=7275"},{"taxonomy":"post_tag","embeddable":true,"href":"https:\/\/urpspharma.re\/index.php?rest_route=%2Fwp%2Fv2%2Ftags&post=7275"}],"curies":[{"name":"wp","href":"https:\/\/api.w.org\/{rel}","templated":true}]}}