{"id":728,"date":"2016-12-19T13:12:36","date_gmt":"2016-12-19T09:12:36","guid":{"rendered":"http:\/\/urpspharma.re\/?p=728"},"modified":"2017-09-08T10:09:09","modified_gmt":"2017-09-08T06:09:09","slug":"mon-pharmacien-et-mois-sans-tabac-suite-et-fin-en-decembre","status":"publish","type":"post","link":"https:\/\/urpspharma.re\/?p=728","title":{"rendered":"Mon pharmacien et moi(s) sans tabac 2016 : suite et fin en d\u00e9cembre"},"content":{"rendered":"<p style=\"text-align: center;\">F\u00e9licitations aux 72 pharmacies qui se sont engag\u00e9es dans la campagne &#8220;Mon pharmacien et moi(s) sans tabac&#8221;<\/p>\n<p><span style=\"font-weight: 400;\">Plus de 350 fumeurs se sont \u00a0engag\u00e9s dont 130 \u00e9ligibles au tiers payant.<\/span><\/p>\n<p><span style=\"font-weight: 400;\">Le r\u00f4le de pr\u00e9vention du pharmacien perdure au-del\u00e0 du \u201cMoi(s) sans tabac\u201d et le progiciel mis \u00e0 disposition constitue un vrai atout pour valoriser nos actions. Nous vous invitons donc \u00e0 continuer \u00e0 enregistrer dor\u00e9navant chaque passage de fumeur.<\/span><\/p>\n<p><span style=\"font-weight: 400;\">De plus, les pharmacies qui se sont engag\u00e9es dans la campagne \u201cMon pharmacien et moi(s) sans tabac&#8221; pourront b\u00e9n\u00e9ficier de tarifs identiques \u00e0 ceux de novembre et cela jusqu\u2019\u00e0 fin MAI 2017 gr\u00e2ce \u00e0 notre partenariat avec la SOREDIP.<\/span><\/p>\n<p><span style=\"font-weight: 400;\">Derni\u00e8res informations communiqu\u00e9es par l\u2019association SAOME (ambassadeur pour la campagne du Moi(s) sans tabac) <\/span><\/p>\n<p><span style=\"font-weight: 400;\">Le premier constat pour La R\u00e9union, 1947 fumeurs r\u00e9unionnais se sont lanc\u00e9s le d\u00e9fi d\u2019arr\u00eater de fumer ! :<\/span><\/p>\n<p><span style=\"font-weight: 400;\">&#8211; 1675 inscrits sur Tabac Info Service ;<\/span><\/p>\n<p><span style=\"font-weight: 400;\">&#8211; 272 non inscrits sur Tabac Info Service.<\/span><\/p>\n<p><span style=\"font-weight: 400;\">Notre campagne \u201cMon pharmacien et moi(s) sans tabac\u201d va \u00eatre relay\u00e9e par l\u2019ambassadeur de La R\u00e9union (SAOME) sur la plateforme OSCARS (<\/span><b>O<\/b><span style=\"font-weight: 400;\">bservation et <\/span><b>S<\/b><span style=\"font-weight: 400;\">uivi <\/span><b>C<\/b><span style=\"font-weight: 400;\">artographique des <\/span><b>A<\/b><span style=\"font-weight: 400;\">ctions <\/span><b>R<\/b><span style=\"font-weight: 400;\">\u00e9gionales de <\/span><b>S<\/b><span style=\"font-weight: 400;\">ant\u00e9. <\/span><\/p>\n<p><span style=\"font-weight: 400;\">OSCARS est un outil cartographique des actions r\u00e9gionales de sant\u00e9. Il permet de donner de la visibilit\u00e9 \u00e0 l\u2019activit\u00e9 men\u00e9e dans le champ de la sant\u00e9 publique.<\/span><\/p>\n","protected":false},"excerpt":{"rendered":"<p>F\u00e9licitations aux 72 pharmacies qui se sont engag\u00e9es dans la campagne &#8220;Mon pharmacien et moi(s) sans tabac&#8221; Plus de 350 fumeurs se sont \u00a0engag\u00e9s dont 130 \u00e9ligibles au tiers payant. Le r\u00f4le de pr\u00e9vention du pharmacien perdure au-del\u00e0 du \u201cMoi(s) sans tabac\u201d et le progiciel mis \u00e0 disposition constitue un vrai atout pour valoriser nos&hellip;<\/p>\n","protected":false},"author":3,"featured_media":1029,"comment_status":"open","ping_status":"open","sticky":false,"template":"","format":"standard","meta":{"footnotes":""},"categories":[182],"tags":[67,93,122,21,94,118,57],"amp_enabled":true,"_links":{"self":[{"href":"https:\/\/urpspharma.re\/index.php?rest_route=\/wp\/v2\/posts\/728"}],"collection":[{"href":"https:\/\/urpspharma.re\/index.php?rest_route=\/wp\/v2\/posts"}],"about":[{"href":"https:\/\/urpspharma.re\/index.php?rest_route=\/wp\/v2\/types\/post"}],"author":[{"embeddable":true,"href":"https:\/\/urpspharma.re\/index.php?rest_route=\/wp\/v2\/users\/3"}],"replies":[{"embeddable":true,"href":"https:\/\/urpspharma.re\/index.php?rest_route=%2Fwp%2Fv2%2Fcomments&post=728"}],"version-history":[{"count":9,"href":"https:\/\/urpspharma.re\/index.php?rest_route=\/wp\/v2\/posts\/728\/revisions"}],"predecessor-version":[{"id":1035,"href":"https:\/\/urpspharma.re\/index.php?rest_route=\/wp\/v2\/posts\/728\/revisions\/1035"}],"wp:featuredmedia":[{"embeddable":true,"href":"https:\/\/urpspharma.re\/index.php?rest_route=\/wp\/v2\/media\/1029"}],"wp:attachment":[{"href":"https:\/\/urpspharma.re\/index.php?rest_route=%2Fwp%2Fv2%2Fmedia&parent=728"}],"wp:term":[{"taxonomy":"category","embeddable":true,"href":"https:\/\/urpspharma.re\/index.php?rest_route=%2Fwp%2Fv2%2Fcategories&post=728"},{"taxonomy":"post_tag","embeddable":true,"href":"https:\/\/urpspharma.re\/index.php?rest_route=%2Fwp%2Fv2%2Ftags&post=728"}],"curies":[{"name":"wp","href":"https:\/\/api.w.org\/{rel}","templated":true}]}}