{"id":7296,"date":"2026-01-16T10:53:43","date_gmt":"2026-01-16T06:53:43","guid":{"rendered":"https:\/\/urpspharma.re\/?p=7296"},"modified":"2026-02-02T11:45:36","modified_gmt":"2026-02-02T07:45:36","slug":"cpts-est-reunion-soiree-interprofessionnelle","status":"publish","type":"post","link":"https:\/\/urpspharma.re\/?p=7296","title":{"rendered":"CPTS Est R\u00e9union \u2022 soir\u00e9e interprofessionnelle"},"content":{"rendered":"\n<h3 class=\"wp-block-heading has-text-align-center has-very-light-gray-to-cyan-bluish-gray-gradient-background has-background\">Jeudi 5 f\u00e9vrier 2026<\/h3>\n\n\n\n<h2 class=\"wp-block-heading has-text-align-center\">Parcours de l\u2019enfant pr\u00e9sentant un Trouble du Neurod\u00e9veloppement (TND)<\/h2>\n\n\n\n<p>La Communaut\u00e9 Professionnelle Territoriale de Sant\u00e9 (CPTS) Est a le plaisir de vous convier \u00e0 une\u00a0soir\u00e9e de formation et d\u2019\u00e9change interprofessionnelle\u00a0consacr\u00e9e au\u00a0parcours de l\u2019enfant pr\u00e9sentant un Trouble du Neurod\u00e9veloppement (TND), avec un focus particulier sur\u00a0l\u2019importance du d\u00e9pistage sensoriel et du sommeil dans les TND.<\/p>\n\n\n\n<p><strong>Intervenantes :<\/strong><\/p>\n\n\n\n<ul>\n<li>Dr Julie Dassi\u00e9, Ophtalmologue<\/li>\n\n\n\n<li>Dr Kheira Mezouaghi, ORL<\/li>\n\n\n\n<li>Mme Julie Masson, Masseur-kin\u00e9sith\u00e9rapeute<\/li>\n<\/ul>\n\n\n\n<p><strong>Programme de la soir\u00e9e :<\/strong><\/p>\n\n\n\n<ul>\n<li>Vision et troubles du neurod\u00e9veloppement&nbsp;: place du d\u00e9pistage visuel chez l\u2019enfant suspect de TND \u2013 par qui, quand et comment ?<\/li>\n\n\n\n<li>D\u00e9pistage auditif &amp; TND :&nbsp;&nbsp;int\u00e9r\u00eat , modalit\u00e9s, enjeux<\/li>\n\n\n\n<li>Troubles neurod\u00e9veloppementaux&nbsp;: Et si les troubles du sommeil faisaient partie de l\u2019\u00e9quation ?&nbsp;<\/li>\n<\/ul>\n\n\n\n<div class=\"wp-block-media-text alignwide has-media-on-the-right is-stacked-on-mobile is-vertically-aligned-top has-fl-topbar-bg-color-background-color has-background\" style=\"grid-template-columns:auto 34%\"><div class=\"wp-block-media-text__content\">\n<p>Pour les adh\u00e9rents de la CPTS EST,&nbsp; l&#8217;entr\u00e9e est prise en charge.<\/p>\n\n\n\n<p>Pour les non adh\u00e9rents, le tarif est de 20\u20ac par personne (possibilit\u00e9 d&#8217;adh\u00e9sion sur place).<\/p>\n\n\n\n<p>Cette soir\u00e9e est&nbsp;destin\u00e9e aux professionnels de sant\u00e9 lib\u00e9raux de l\u2019Est sur r\u00e9servation&nbsp;via le lien suivant :<\/p>\n\n\n\n<p><strong>L\u2019accueil d\u00e9butera \u00e0 19h et un cocktail dinatoire sera mis \u00e0 votre disposition. La formation commencera \u00e0 19h30.<\/strong><\/p>\n\n\n\n<div class=\"wp-block-buttons is-layout-flex wp-block-buttons-is-layout-flex\">\n<div class=\"wp-block-button has-custom-width wp-block-button__width-100 has-custom-font-size is-style-outline\" style=\"font-size:20px\"><a class=\"wp-block-button__link wp-element-button\" href=\"https:\/\/docs.google.com\/forms\/d\/e\/1FAIpQLSdR2-e92deBlQCfA3BPaHJJmqAPiHCCgRwqdZOFbgE7koRZUQ\/viewform\" style=\"border-radius:26px\" target=\"_blank\" rel=\"noreferrer noopener\"><mark style=\"background-color:rgba(0, 0, 0, 0);color:#b3378e\" class=\"has-inline-color\">\u25ba\u00a0Cliquez ICI pour l&#8217;INSCRIPTION<\/mark><\/a><\/div>\n<\/div>\n\n\n\n<p>Pour tout renseignements n\u2019h\u00e9sitez pas \u00e0 contacter la coordinatrice de la CPTS Est:<\/p>\n\n\n\n<p>Alexandra TODOROVIC par mail&nbsp;(<a href=\"mailto:cpts.est@gmail.com\" target=\"_blank\" rel=\"noreferrer noopener\">cpts.est@gmail.com<\/a>)&nbsp;ou par t\u00e9l\u00e9phone 06 93 88 00 69<\/p>\n<\/div><figure class=\"wp-block-media-text__media\"><img loading=\"lazy\" decoding=\"async\" width=\"940\" height=\"788\" src=\"https:\/\/urpspharma.re\/wp-content\/uploads\/2026\/02\/CPTS-EST-Soiree-TND_050226.png\" alt=\"\" class=\"wp-image-7298 size-full\" srcset=\"https:\/\/urpspharma.re\/wp-content\/uploads\/2026\/02\/CPTS-EST-Soiree-TND_050226.png 940w, https:\/\/urpspharma.re\/wp-content\/uploads\/2026\/02\/CPTS-EST-Soiree-TND_050226-300x251.png 300w, https:\/\/urpspharma.re\/wp-content\/uploads\/2026\/02\/CPTS-EST-Soiree-TND_050226-768x644.png 768w\" sizes=\"(max-width: 940px) 100vw, 940px\" \/><\/figure><\/div>\n\n\n\n<p><\/p>\n","protected":false},"excerpt":{"rendered":"<p>Jeudi 5 f\u00e9vrier 2026 Parcours de l\u2019enfant pr\u00e9sentant un Trouble du Neurod\u00e9veloppement (TND) La Communaut\u00e9 Professionnelle Territoriale de Sant\u00e9 (CPTS) Est a le plaisir de vous convier \u00e0 une\u00a0soir\u00e9e de formation et d\u2019\u00e9change interprofessionnelle\u00a0consacr\u00e9e au\u00a0parcours de l\u2019enfant pr\u00e9sentant un Trouble du Neurod\u00e9veloppement (TND), avec un focus particulier sur\u00a0l\u2019importance du d\u00e9pistage sensoriel et du sommeil dans&hellip;<\/p>\n","protected":false},"author":3,"featured_media":7298,"comment_status":"open","ping_status":"open","sticky":false,"template":"","format":"standard","meta":{"footnotes":""},"categories":[452,182,262,261],"tags":[607,239],"amp_enabled":true,"_links":{"self":[{"href":"https:\/\/urpspharma.re\/index.php?rest_route=\/wp\/v2\/posts\/7296"}],"collection":[{"href":"https:\/\/urpspharma.re\/index.php?rest_route=\/wp\/v2\/posts"}],"about":[{"href":"https:\/\/urpspharma.re\/index.php?rest_route=\/wp\/v2\/types\/post"}],"author":[{"embeddable":true,"href":"https:\/\/urpspharma.re\/index.php?rest_route=\/wp\/v2\/users\/3"}],"replies":[{"embeddable":true,"href":"https:\/\/urpspharma.re\/index.php?rest_route=%2Fwp%2Fv2%2Fcomments&post=7296"}],"version-history":[{"count":2,"href":"https:\/\/urpspharma.re\/index.php?rest_route=\/wp\/v2\/posts\/7296\/revisions"}],"predecessor-version":[{"id":7299,"href":"https:\/\/urpspharma.re\/index.php?rest_route=\/wp\/v2\/posts\/7296\/revisions\/7299"}],"wp:featuredmedia":[{"embeddable":true,"href":"https:\/\/urpspharma.re\/index.php?rest_route=\/wp\/v2\/media\/7298"}],"wp:attachment":[{"href":"https:\/\/urpspharma.re\/index.php?rest_route=%2Fwp%2Fv2%2Fmedia&parent=7296"}],"wp:term":[{"taxonomy":"category","embeddable":true,"href":"https:\/\/urpspharma.re\/index.php?rest_route=%2Fwp%2Fv2%2Fcategories&post=7296"},{"taxonomy":"post_tag","embeddable":true,"href":"https:\/\/urpspharma.re\/index.php?rest_route=%2Fwp%2Fv2%2Ftags&post=7296"}],"curies":[{"name":"wp","href":"https:\/\/api.w.org\/{rel}","templated":true}]}}