{"id":7300,"date":"2026-01-14T10:58:36","date_gmt":"2026-01-14T06:58:36","guid":{"rendered":"https:\/\/urpspharma.re\/?p=7300"},"modified":"2026-02-02T11:45:47","modified_gmt":"2026-02-02T07:45:47","slug":"cpts-est-reunion-soiree-interprofessionnelle-2","status":"publish","type":"post","link":"https:\/\/urpspharma.re\/?p=7300","title":{"rendered":"CPTS Est R\u00e9union \u2022 soir\u00e9e interprofessionnelle"},"content":{"rendered":"\n<h3 class=\"wp-block-heading has-text-align-center has-very-light-gray-to-cyan-bluish-gray-gradient-background has-background\">Mercredi 4 f\u00e9vrier 2026<\/h3>\n\n\n\n<h2 class=\"wp-block-heading has-text-align-center\">Diab\u00e8te et parodontite<\/h2>\n\n\n\n<p>La Communaut\u00e9 Professionnelle Territoriale de Sant\u00e9 (CPTS) Est\u00a0en partenariat avec l&#8217;AFIS a le plaisir de vous convier \u00e0 une\u00a0soir\u00e9e de formation sur\u00a0le Diab\u00e8te et la parodontite.<\/p>\n\n\n\n<p>Cette formation sera anim\u00e9e par le Dr ALBUFFY et le Dr JAGLALE.<\/p>\n\n\n\n<p><strong>Programme<\/strong><br>Comprendre ensemble toutes les complications li\u00e9es \u00e0 la maladie et faire un \u00e9change de pratiques autour de cette th\u00e9matique.<\/p>\n\n\n\n<div class=\"wp-block-media-text alignwide has-media-on-the-right is-stacked-on-mobile is-vertically-aligned-top has-fl-topbar-bg-color-background-color has-background\" style=\"grid-template-columns:auto 34%\"><div class=\"wp-block-media-text__content\">\n<p>Pour les adh\u00e9rents de la CPTS EST,&nbsp; l&#8217;entr\u00e9e est prise en charge.<\/p>\n\n\n\n<p>Pour les non adh\u00e9rents, le tarif est de 20\u20ac par personne (possibilit\u00e9 d&#8217;adh\u00e9sion sur place).<\/p>\n\n\n\n<p>Cette soir\u00e9e est&nbsp;destin\u00e9e aux professionnels de sant\u00e9 lib\u00e9raux de l\u2019Est sur r\u00e9servation&nbsp;via le lien suivant :<\/p>\n\n\n\n<p><strong>L\u2019accueil d\u00e9butera \u00e0 19h et un cocktail dinatoire sera mis \u00e0 votre disposition. La formation commencera \u00e0 19h30.<\/strong><\/p>\n\n\n\n<div class=\"wp-block-buttons is-layout-flex wp-block-buttons-is-layout-flex\">\n<div class=\"wp-block-button has-custom-width wp-block-button__width-100 has-custom-font-size is-style-outline\" style=\"font-size:20px\"><a class=\"wp-block-button__link wp-element-button\" href=\"https:\/\/docs.google.com\/forms\/d\/e\/1FAIpQLSeqBfeRHQpQqiP1pU-EeNRL5DQHV-ACpzoVhzUhk0L3M02bxQ\/viewform\" style=\"border-radius:26px\" target=\"_blank\" rel=\"noreferrer noopener\"><mark style=\"background-color:rgba(0, 0, 0, 0);color:#b3378e\" class=\"has-inline-color\">\u25ba\u00a0Cliquez ICI pour l&#8217;INSCRIPTION<\/mark><\/a><\/div>\n<\/div>\n\n\n\n<p>Pour tout renseignements n\u2019h\u00e9sitez pas \u00e0 contacter la coordinatrice de la CPTS Est:<\/p>\n\n\n\n<p>Alexandra TODOROVIC par mail&nbsp;(<a href=\"mailto:cpts.est@gmail.com\" target=\"_blank\" rel=\"noreferrer noopener\">cpts.est@gmail.com<\/a>)&nbsp;ou par t\u00e9l\u00e9phone 06 93 88 00 69<\/p>\n<\/div><figure class=\"wp-block-media-text__media\"><img loading=\"lazy\" decoding=\"async\" width=\"940\" height=\"788\" src=\"https:\/\/urpspharma.re\/wp-content\/uploads\/2026\/02\/CPTS-EST-Soiree-parodontite_040226.png\" alt=\"\" class=\"wp-image-7301 size-full\" srcset=\"https:\/\/urpspharma.re\/wp-content\/uploads\/2026\/02\/CPTS-EST-Soiree-parodontite_040226.png 940w, https:\/\/urpspharma.re\/wp-content\/uploads\/2026\/02\/CPTS-EST-Soiree-parodontite_040226-300x251.png 300w, https:\/\/urpspharma.re\/wp-content\/uploads\/2026\/02\/CPTS-EST-Soiree-parodontite_040226-768x644.png 768w\" sizes=\"(max-width: 940px) 100vw, 940px\" \/><\/figure><\/div>\n\n\n\n<p><\/p>\n","protected":false},"excerpt":{"rendered":"<p>Mercredi 4 f\u00e9vrier 2026 Diab\u00e8te et parodontite La Communaut\u00e9 Professionnelle Territoriale de Sant\u00e9 (CPTS) Est\u00a0en partenariat avec l&#8217;AFIS a le plaisir de vous convier \u00e0 une\u00a0soir\u00e9e de formation sur\u00a0le Diab\u00e8te et la parodontite. Cette formation sera anim\u00e9e par le Dr ALBUFFY et le Dr JAGLALE. ProgrammeComprendre ensemble toutes les complications li\u00e9es \u00e0 la maladie et&hellip;<\/p>\n","protected":false},"author":3,"featured_media":7301,"comment_status":"open","ping_status":"open","sticky":false,"template":"","format":"standard","meta":{"footnotes":""},"categories":[452,182,262,261],"tags":[607,239],"amp_enabled":true,"_links":{"self":[{"href":"https:\/\/urpspharma.re\/index.php?rest_route=\/wp\/v2\/posts\/7300"}],"collection":[{"href":"https:\/\/urpspharma.re\/index.php?rest_route=\/wp\/v2\/posts"}],"about":[{"href":"https:\/\/urpspharma.re\/index.php?rest_route=\/wp\/v2\/types\/post"}],"author":[{"embeddable":true,"href":"https:\/\/urpspharma.re\/index.php?rest_route=\/wp\/v2\/users\/3"}],"replies":[{"embeddable":true,"href":"https:\/\/urpspharma.re\/index.php?rest_route=%2Fwp%2Fv2%2Fcomments&post=7300"}],"version-history":[{"count":1,"href":"https:\/\/urpspharma.re\/index.php?rest_route=\/wp\/v2\/posts\/7300\/revisions"}],"predecessor-version":[{"id":7302,"href":"https:\/\/urpspharma.re\/index.php?rest_route=\/wp\/v2\/posts\/7300\/revisions\/7302"}],"wp:featuredmedia":[{"embeddable":true,"href":"https:\/\/urpspharma.re\/index.php?rest_route=\/wp\/v2\/media\/7301"}],"wp:attachment":[{"href":"https:\/\/urpspharma.re\/index.php?rest_route=%2Fwp%2Fv2%2Fmedia&parent=7300"}],"wp:term":[{"taxonomy":"category","embeddable":true,"href":"https:\/\/urpspharma.re\/index.php?rest_route=%2Fwp%2Fv2%2Fcategories&post=7300"},{"taxonomy":"post_tag","embeddable":true,"href":"https:\/\/urpspharma.re\/index.php?rest_route=%2Fwp%2Fv2%2Ftags&post=7300"}],"curies":[{"name":"wp","href":"https:\/\/api.w.org\/{rel}","templated":true}]}}