{"id":7315,"date":"2026-03-02T08:27:21","date_gmt":"2026-03-02T04:27:21","guid":{"rendered":"https:\/\/urpspharma.re\/?p=7315"},"modified":"2026-03-17T08:29:47","modified_gmt":"2026-03-17T04:29:47","slug":"urps-pharmaciens-mars-bleu","status":"publish","type":"post","link":"https:\/\/urpspharma.re\/?p=7315","title":{"rendered":"URPS Pharmaciens : Mars bleu &#8211; D\u00e9pistage du cancer colorectal"},"content":{"rendered":"\n<h3 class=\"wp-block-heading has-text-align-center has-very-light-gray-to-cyan-bluish-gray-gradient-background has-background\">MARS 2026<\/h3>\n\n\n\n<h1 class=\"wp-block-heading has-text-align-center\">Mon pharmacien mobilis\u00e9 ! <\/h1>\n\n\n\n<p>Votre URPS et CAP ONCO R\u00e9union s\u2019engagent pour promouvoir et d\u00e9velopper le d\u00e9pistage du cancer colorectal.<\/p>\n\n\n\n<p>Le r\u00f4le des pharmaciens est cl\u00e9 dans cette d\u00e9marche, car vous \u00eates souvent le premier contact des patients avec le syst\u00e8me de sant\u00e9.<\/p>\n\n\n\n<p>Aujourd\u2019hui, moins de 30 % des personnes concern\u00e9es r\u00e9alisent le test, alors qu\u2019il permet de gu\u00e9rir dans 9 cas sur 10 lorsqu\u2019il est d\u00e9tect\u00e9 t\u00f4t.&nbsp;<br>Pourtant, le d\u00e9pistage pr\u00e9coce permet de d\u00e9tecter la maladie \u00e0 un stade pr\u00e9coce, o\u00f9 les chances de gu\u00e9rison sont maximales. &nbsp;Actuellement, la couverture de d\u00e9pistage reste insuffisante (26% \u00e0 La R\u00e9union&nbsp;sur 2023\/2024&nbsp;<a href=\"https:\/\/www.depistage-cancers-la-reunion.re\/?sdm_process_download=1&amp;download_id=3131\" target=\"_blank\" rel=\"noreferrer noopener\">source ORS)<\/a>.<\/p>\n\n\n\n<p><\/p>\n\n\n\n<div class=\"wp-block-media-text has-media-on-the-right is-stacked-on-mobile\" style=\"grid-template-columns:auto 23%\"><div class=\"wp-block-media-text__content\">\n<p>Votre URPS et CAP ONCO R\u00e9union s\u2019engagent pour promouvoir et d\u00e9velopper le d\u00e9pistage du cancer colorectal.<\/p>\n\n\n\n<p>Le r\u00f4le des pharmaciens est cl\u00e9 dans cette d\u00e9marche, car vous \u00eates souvent le premier contact des patients avec le syst\u00e8me de sant\u00e9.<\/p>\n\n\n\n<p>Aujourd\u2019hui, moins de 30 % des personnes concern\u00e9es r\u00e9alisent le test, alors qu\u2019il permet de gu\u00e9rir dans 9 cas sur 10 lorsqu\u2019il est d\u00e9tect\u00e9 t\u00f4t.&nbsp;<br>Pourtant, le d\u00e9pistage pr\u00e9coce permet de d\u00e9tecter la maladie \u00e0 un stade pr\u00e9coce, o\u00f9 les chances de gu\u00e9rison sont maximales. &nbsp;Actuellement, la couverture de d\u00e9pistage reste insuffisante (26% \u00e0 La R\u00e9union&nbsp;sur 2023\/2024&nbsp;<a href=\"https:\/\/www.depistage-cancers-la-reunion.re\/?sdm_process_download=1&amp;download_id=3131\" target=\"_blank\" rel=\"noreferrer noopener\">source ORS)<\/a>.<\/p>\n<\/div><figure class=\"wp-block-media-text__media\"><a href=\"https:\/\/docs.google.com\/forms\/d\/e\/1FAIpQLSeNPtO_4fIqkUe2wgCyHqbeL2IpcdPza3L9w6z_-lOxRO6yQg\/viewform?usp=sharing&amp;ouid=104504074923091948660\" target=\"_blank\" rel=\"noreferrer noopener\"><img loading=\"lazy\" decoding=\"async\" width=\"768\" height=\"1024\" src=\"https:\/\/urpspharma.re\/wp-content\/uploads\/2026\/03\/KIT-768x1024.jpeg\" alt=\"\" class=\"wp-image-7317 size-full\" srcset=\"https:\/\/urpspharma.re\/wp-content\/uploads\/2026\/03\/KIT-768x1024.jpeg 768w, https:\/\/urpspharma.re\/wp-content\/uploads\/2026\/03\/KIT-225x300.jpeg 225w, https:\/\/urpspharma.re\/wp-content\/uploads\/2026\/03\/KIT-1152x1536.jpeg 1152w, https:\/\/urpspharma.re\/wp-content\/uploads\/2026\/03\/KIT.jpeg 1200w\" sizes=\"(max-width: 768px) 100vw, 768px\" \/><\/a><\/figure><\/div>\n\n\n\n<p><strong>Chiffres 2024 &amp; 2025 \u00e0 La R\u00e9union<\/strong><br>en 2025, 6 099 tests ont \u00e9t\u00e9 d\u00e9livr\u00e9s dans 211 officines contre 2 482 dans 91 officines en 2024 soit une\u00a0<strong>augmentation de +145%<\/strong><\/p>\n\n\n\n<h2 class=\"wp-block-heading\">Mobilisation des pharmacies \u00e0 La R\u00e9union : Votre r\u00f4le ?<\/h2>\n\n\n\n<figure class=\"wp-block-table\"><table><tbody><tr><td><strong>Informer<\/strong>\u00a0vos patients \u00e9ligibles (hommes et femmes de 50 \u00e0 74 ans) sur l&#8217;importance du d\u00e9pistage et les encourager \u00e0 participer \u00e0 cette op\u00e9ration.<br><strong>Distribuer les kits de d\u00e9pistage<\/strong>\u00a0du cancer colorectal (DOCCR) dans le cadre du programme national.\u00a0<br><strong>R\u00e9pondre aux questions<\/strong>\u00a0des patients concernant le d\u00e9pistage et les orienter vers les m\u00e9decins si n\u00e9cessaire.<\/td><\/tr><\/tbody><\/table><\/figure>\n\n\n\n<h2 class=\"wp-block-heading\">Vos supports de communication bient\u00f4t en officine<\/h2>\n\n\n\n<figure class=\"wp-block-gallery has-nested-images columns-default is-cropped wp-block-gallery-1 is-layout-flex wp-block-gallery-is-layout-flex\">\n<figure class=\"wp-block-image size-medium\"><img loading=\"lazy\" decoding=\"async\" width=\"300\" height=\"300\" data-id=\"7319\" src=\"https:\/\/urpspharma.re\/wp-content\/uploads\/2026\/03\/sticker1-300x300.png\" alt=\"\" class=\"wp-image-7319\" srcset=\"https:\/\/urpspharma.re\/wp-content\/uploads\/2026\/03\/sticker1-300x300.png 300w, https:\/\/urpspharma.re\/wp-content\/uploads\/2026\/03\/sticker1-150x150.png 150w, https:\/\/urpspharma.re\/wp-content\/uploads\/2026\/03\/sticker1.png 624w\" sizes=\"(max-width: 300px) 100vw, 300px\" \/><\/figure>\n\n\n\n<figure class=\"wp-block-image size-medium\"><img loading=\"lazy\" decoding=\"async\" width=\"212\" height=\"300\" data-id=\"7318\" src=\"https:\/\/urpspharma.re\/wp-content\/uploads\/2026\/03\/Affiche-mars-bleu-212x300.png\" alt=\"\" class=\"wp-image-7318\" srcset=\"https:\/\/urpspharma.re\/wp-content\/uploads\/2026\/03\/Affiche-mars-bleu-212x300.png 212w, https:\/\/urpspharma.re\/wp-content\/uploads\/2026\/03\/Affiche-mars-bleu.png 500w\" sizes=\"(max-width: 212px) 100vw, 212px\" \/><\/figure>\n<\/figure>\n\n\n\n<div class=\"wp-block-columns is-layout-flex wp-container-core-columns-layout-2 wp-block-columns-is-layout-flex\">\n<div class=\"wp-block-column is-layout-flow wp-block-column-is-layout-flow\" style=\"flex-basis:100%\">\n<div class=\"wp-block-columns is-layout-flex wp-container-core-columns-layout-1 wp-block-columns-is-layout-flex\">\n<div class=\"wp-block-column is-layout-flow wp-block-column-is-layout-flow\" style=\"flex-basis:100%\">\n<p>Pour accompagner les acteurs du territoire, Cap Onco R\u00e9union met \u00e0 disposition :<\/p>\n\n\n\n<p>\u25baUn&nbsp;<a href=\"https:\/\/www.caponco.re\/agenda\/\" target=\"_blank\" rel=\"noreferrer noopener\">agenda r\u00e9gional en ligne<\/a>&nbsp;pour valoriser vos \u00e9v\u00e9nements<\/p>\n\n\n\n<p>\u25baUne galerie d\u2019<a href=\"https:\/\/www.caponco.re\/depistage-organise-du-cancer-colorectal\/\" target=\"_blank\" rel=\"noreferrer noopener\">outils t\u00e9l\u00e9chargeables&nbsp;<\/a>pour animer vos espaces (affiches, supports, visuels)<br><br>\u25baUn accompagnement \u00e0 l\u2019organisation d\u2019actions locales<\/p>\n\n\n\n<p><em>Informations :<a href=\"http:\/\/www.caponco.re\/\">www.caponco.re<\/a>&nbsp;&#8211; Contact Julie : j.casterman@caponco.re&nbsp; 0692 86 54 75<\/em><\/p>\n<\/div>\n<\/div>\n<\/div>\n<\/div>\n\n\n\n<div class=\"wp-block-buttons is-layout-flex wp-block-buttons-is-layout-flex\">\n<div class=\"wp-block-button has-custom-width wp-block-button__width-100 has-custom-font-size is-style-fill has-medium-font-size\"><a class=\"wp-block-button__link has-background wp-element-button\" href=\"https:\/\/www.caponco.re\/liste-des-pharmaciens\/\" style=\"background-color:#014c68\" target=\"_blank\" rel=\"noreferrer noopener\">>>> Pharmacies r\u00e9f\u00e9renc\u00e9es sur la carte interactive en cliquant ICI<\/a><\/div>\n<\/div>\n\n\n\n<h2 class=\"wp-block-heading\">Des formations certifiantes pour 2025<\/h2>\n\n\n\n<p>Cet e-learning, d\u00e9velopp\u00e9 en partenariat avec DOCTRIO, vous permettra d\u2019obtenir l\u2019<strong>attestation de formation obligatoire\u00a0<\/strong>pour la remise des kits aux personnes \u00e9ligibles, d\u00e9livr\u00e9e par le CRCDC, et ainsi contribuer \u00e0 atteindre les recommandations europ\u00e9ennes de 65% de taux de participation.<\/p>\n\n\n\n<p>Cette formation courte et interactive, con\u00e7ue avec Doctrio, peut \u00eatre suivie \u00e0 votre rythme, quand vous le souhaitez, sans aucun co\u00fbt \u00e0 votre charge et est \u00e9galement validante pour vos obligations 2025\u00a0de formation continue.<\/p>\n\n\n\n<p>D\u00e8s que vous aurez termin\u00e9 la formation, vous recevrez instantan\u00e9ment l&#8217;attestation obligatoire et nominative du CRCDC La r\u00e9union vous autorisant officiellement \u00e0 d\u00e9livrer les kits de d\u00e9pistage du cancer colorectal dans votre officine.<\/p>\n\n\n\n<div class=\"wp-block-buttons is-layout-flex wp-block-buttons-is-layout-flex\">\n<div class=\"wp-block-button has-custom-width wp-block-button__width-100 has-custom-font-size has-medium-font-size\"><a class=\"wp-block-button__link has-background wp-element-button\" href=\"https:\/\/doctrio.com\/programme\/delivrer-en-officine-le-kit-de-depistage-du-cancer-colorectal\" style=\"background-color:#5dc3e7\" target=\"_blank\" rel=\"noreferrer noopener\">>>> Information &amp; inscription en cliquant ICI<\/a><\/div>\n<\/div>\n\n\n\n<div class=\"wp-block-buttons is-layout-flex wp-block-buttons-is-layout-flex\"><\/div>\n\n\n\n<h2 class=\"wp-block-heading\">En quoi consiste le d\u00e9pistage et quelles sont les personnes \u00e9ligibles ?<\/h2>\n\n\n\n<p>Enti\u00e8rement gratuit pour le patient, ce d\u00e9pistage repose sur la r\u00e9alisation d\u2019un test immunologique (recherche de sang occulte dans les selles).<br>Le pr\u00e9l\u00e8vement est effectu\u00e9&nbsp;par la personne&nbsp;\u00e0 son domicile.<\/p>\n\n\n\n<ul>\n<li>La cible : les femmes et les hommes de 50 \u00e0 74 ans, \u00e0 risque moyen de d\u00e9velopper un cancer colorectal (asymptomatiques et sans ant\u00e9c\u00e9dents).&nbsp;<\/li>\n\n\n\n<li>P\u00e9riodicit\u00e9 : un test \u00e0 r\u00e9aliser tous les deux ans.&nbsp;<\/li>\n<\/ul>\n\n\n\n<p><strong>Attention :<\/strong><br>Le programme national de d\u00e9pistage concerne les personnes ne pr\u00e9sentant&nbsp;<br>&#8211; ni&nbsp;<a href=\"https:\/\/www.e-cancer.fr\/Patients-et-proches\/Les-cancers\/Cancer-du-colon\/Les-points-cles#toc-quels-sont-les-sympt-mes-d-un-cancer-du-c-lon-\" target=\"_blank\" rel=\"noreferrer noopener\">sympt\u00f4me<\/a>,<br>&#8211; ni&nbsp;<a href=\"https:\/\/www.e-cancer.fr\/Patients-et-proches\/Les-cancers\/Cancer-du-colon\/Les-points-cles#toc-quels-sont-les-causes-ou-facteurs-de-risque-d-un-cancer-du-c-lon-\" target=\"_blank\" rel=\"noreferrer noopener\">ant\u00e9c\u00e9dents personnels ou familiaux<\/a>&nbsp;de polype, de cancer ou de maladie touchant le c\u00f4lon ou le rectum,<br>&#8211; ni&nbsp;<a href=\"https:\/\/www.e-cancer.fr\/Patients-et-proches\/Les-cancers\/Cancer-du-colon\/Les-points-cles#toc-quels-sont-les-causes-ou-facteurs-de-risque-d-un-cancer-du-c-lon-\" target=\"_blank\" rel=\"noreferrer noopener\">facteur de risque<\/a>&nbsp;particulier.<\/p>\n\n\n\n<h2 class=\"wp-block-heading\">Remise du kit de d\u00e9pistage par le pharmacien d&#8217;officine<\/h2>\n\n\n\n<p>Les personnes \u00e9ligibles pourront retirer leur kit de d\u00e9pistage dans les officines participantes.<br>Le kit de d\u00e9pistage se pr\u00e9sente sous la forme d\u2019une enveloppe bleue. Avant la remise du kit, le pharmacien doit au pr\u00e9alable v\u00e9rifier que la personne est \u00e9ligible \u00e0 ce d\u00e9pistage \u00e0 l\u2019aide d&#8217;un auto-questionnaire qui sera mis \u00e0 disposition par l&#8217;Institut national du cancer (INCa).\u00a0<\/p>\n\n\n\n<div class=\"wp-block-media-text is-stacked-on-mobile\" style=\"grid-template-columns:23% auto\"><figure class=\"wp-block-media-text__media\"><img loading=\"lazy\" decoding=\"async\" width=\"1024\" height=\"683\" src=\"https:\/\/urpspharma.re\/wp-content\/uploads\/2026\/03\/enveloppe-kit-1024x683.jpg\" alt=\"\" class=\"wp-image-7320 size-full\" srcset=\"https:\/\/urpspharma.re\/wp-content\/uploads\/2026\/03\/enveloppe-kit-1024x683.jpg 1024w, https:\/\/urpspharma.re\/wp-content\/uploads\/2026\/03\/enveloppe-kit-300x200.jpg 300w, https:\/\/urpspharma.re\/wp-content\/uploads\/2026\/03\/enveloppe-kit-768x512.jpg 768w, https:\/\/urpspharma.re\/wp-content\/uploads\/2026\/03\/enveloppe-kit-1536x1024.jpg 1536w, https:\/\/urpspharma.re\/wp-content\/uploads\/2026\/03\/enveloppe-kit.jpg 1600w\" sizes=\"(max-width: 1024px) 100vw, 1024px\" \/><\/figure><div class=\"wp-block-media-text__content\">\n<p><\/p>\n\n\n\n<p>Pour les personnes n\u2019ayant pas re\u00e7u de courrier d&#8217;invitation, le pharmacien devra \u00e9galement s\u2019assurer aupr\u00e8s du serveur d\u2019\u00e9ligibilit\u00e9 de CAP ONCO R\u00e9union qu\u2019elles n\u2019ont pas \u00e9t\u00e9 d\u00e9clar\u00e9es in\u00e9ligibles.<\/p>\n\n\n\n<p>&gt;&gt;&nbsp;<a href=\"https:\/\/www.caponco.re\/eligibilite-patient\/\" target=\"_blank\" rel=\"noreferrer noopener\">Eligibilit\u00e9 patient &#8211; ICI<\/a><\/p>\n\n\n\n<p>La remise du kit par le pharmacien d\u2019officine est int\u00e9gr\u00e9e au cahier des charges du d\u00e9pistage organis\u00e9 de ce cancer&nbsp;<a href=\"https:\/\/www.legifrance.gouv.fr\/jorf\/id\/JORFTEXT000045523127\" target=\"_blank\" rel=\"noreferrer noopener\">(arr\u00eat\u00e9 du 1er avril 2022).<\/a><\/p>\n<\/div><\/div>\n\n\n\n<p>Attention :\u00a0<strong>En cas d\u2019in\u00e9ligibilit\u00e9,\u00a0le pharmacien oriente la personne vers son m\u00e9decin traitant ou vers le m\u00e9decin d\u00e9sign\u00e9 par la personne.<\/strong><\/p>\n\n\n\n<h2 class=\"wp-block-heading\">Modalit\u00e9s de commande et de facturation des kits<\/h2>\n\n\n\n<div class=\"wp-block-media-text is-stacked-on-mobile\" style=\"grid-template-columns:23% auto\"><figure class=\"wp-block-media-text__media\"><img loading=\"lazy\" decoding=\"async\" width=\"465\" height=\"310\" src=\"https:\/\/urpspharma.re\/wp-content\/uploads\/2026\/03\/3-cdes-vaccins.jpg\" alt=\"\" class=\"wp-image-7321 size-full\" srcset=\"https:\/\/urpspharma.re\/wp-content\/uploads\/2026\/03\/3-cdes-vaccins.jpg 465w, https:\/\/urpspharma.re\/wp-content\/uploads\/2026\/03\/3-cdes-vaccins-300x200.jpg 300w\" sizes=\"(max-width: 465px) 100vw, 465px\" \/><\/figure><div class=\"wp-block-media-text__content\">\n<p>Les kits de d\u00e9pistage vierges peuvent \u00eatre command\u00e9s gratuitement par le pharmacien d\u2019officine sur le\u00a0<a href=\"https:\/\/authps-espacepro.ameli.fr\/oauth2\/authorize?response_type=code&amp;scope=openid%20profile%20infosps%20email&amp;client_id=csm-cen-prod_ameliprotransverse-connexionadmin_1_amtrx_i1_csm-cen-prod%2Fameliprotransverse-connexionadmin_1%2Famtrx_i1&amp;state=HtGZzX_PRYtoIbaaplhnfYKkOxM&amp;redirect_uri=https%3A%2F%2Fespacepro.ameli.fr%2Fredirect_uri&amp;nonce=DkdjeY4pj43naVjpdZUbq7EeVw4I_-zDHXGMq_JJCE4\" target=\"_blank\" rel=\"noreferrer noopener\">portail amelipro<\/a>.<br>Num\u00e9ro d\u2019appel\u00a0<strong>01.78.76.86.00\u00a0<\/strong>si vous rencontrez une difficult\u00e9 pour votre livraison des kits.<\/p>\n\n\n\n<p><\/p>\n<\/div><\/div>\n\n\n\n<p><strong>Facturation :&nbsp;<\/strong><\/p>\n\n\n\n<p>\u25ba<strong>Remise du kit&nbsp;<\/strong><br>Le pharmacien tarifie la remise du kit avec le code traceur RKD \u00e0 3.15\u20ac TTC pour La R\u00e9union.<\/p>\n\n\n\n<p>\u25ba<strong>R\u00e9alisation du test par le patient<\/strong><br>Lorsque le patient r\u00e9alise le test \u00e0 la suite de la remise du kit par le pharmacien, ce dernier est r\u00e9mun\u00e9r\u00e9 2.10\u20acTTC de plus pour La R\u00e9union.<\/p>\n\n\n\n<p>Le pharmacien doit renseigner dans la facture :<\/p>\n\n\n\n<ul>\n<li>son num\u00e9ro d\u2019identification dans la zone prescripteur&nbsp;;<\/li>\n\n\n\n<li>son num\u00e9ro d\u2019identification dans la zone ex\u00e9cutant&nbsp;;<\/li>\n\n\n\n<li>la date de la remise du kit comme date d\u2019ex\u00e9cution.<\/li>\n<\/ul>\n\n\n\n<p>Le montant total d\u00fb pour la remise de ces kits sera vers\u00e9 par un paiement annuel (2\u00e8me trimestre de l&#8217;ann\u00e9e N+1).<br><a href=\"https:\/\/www.ameli.fr\/paris\/pharmacien\/exercice-professionnel\/sante-prevention\/remise-kit-depistage-cancer-colorectal-officine-mode-demploi\" target=\"_blank\" rel=\"noreferrer noopener\">&gt;&gt; En savoir plus : site ameli.fr<\/a><\/p>\n\n\n\n<p><strong>Attention : pour \u00eatre valide, ce code acte doit \u00eatre factur\u00e9 seul, ind\u00e9pendamment de toute autre facturation (m\u00e9dicaments, LPP\u2026).<\/strong><\/p>\n\n\n\n<p>\u00c0 noter, pour remplir l\u2019obligation d\u2019information du m\u00e9decin traitant, il est d\u00e9sormais possible d\u2019enregistrer dans le DMP la remise de ce kit, gr\u00e2ce \u00e0 la&nbsp;<a href=\"https:\/\/www.ameli.fr\/paris\/content\/note-synthese-des-depistages-informations-generales-du-patient\" rel=\"noreferrer noopener\" target=\"_blank\">note de d\u00e9pistage en t\u00e9l\u00e9chargement (PDF)<\/a>. Cette note permet \u00e9galement d\u2019enregistrer les r\u00e9sultats des Trod angine et bandelette urinaire r\u00e9alis\u00e9s en officine.<\/p>\n\n\n\n<p><strong>Liens utiles<\/strong><\/p>\n\n\n\n<p><a href=\"https:\/\/drive.google.com\/file\/d\/1hmyX28Pbal2vtVE6WM-Z-V_Xz-2s1gJA\/view?usp=sharing\" target=\"_blank\" rel=\"noreferrer noopener\">ICI Tableau des liens utiles en t\u00e9l\u00e9chargement<\/a><\/p>\n","protected":false},"excerpt":{"rendered":"<p>MARS 2026 Mon pharmacien mobilis\u00e9 ! Votre URPS et CAP ONCO R\u00e9union s\u2019engagent pour promouvoir et d\u00e9velopper le d\u00e9pistage du cancer colorectal. Le r\u00f4le des pharmaciens est cl\u00e9 dans cette d\u00e9marche, car vous \u00eates souvent le premier contact des patients avec le syst\u00e8me de sant\u00e9. Aujourd\u2019hui, moins de 30 % des personnes concern\u00e9es r\u00e9alisent le&hellip;<\/p>\n","protected":false},"author":3,"featured_media":7319,"comment_status":"open","ping_status":"open","sticky":false,"template":"","format":"standard","meta":{"footnotes":""},"categories":[854,182],"tags":[873,872,239],"amp_enabled":true,"_links":{"self":[{"href":"https:\/\/urpspharma.re\/index.php?rest_route=\/wp\/v2\/posts\/7315"}],"collection":[{"href":"https:\/\/urpspharma.re\/index.php?rest_route=\/wp\/v2\/posts"}],"about":[{"href":"https:\/\/urpspharma.re\/index.php?rest_route=\/wp\/v2\/types\/post"}],"author":[{"embeddable":true,"href":"https:\/\/urpspharma.re\/index.php?rest_route=\/wp\/v2\/users\/3"}],"replies":[{"embeddable":true,"href":"https:\/\/urpspharma.re\/index.php?rest_route=%2Fwp%2Fv2%2Fcomments&post=7315"}],"version-history":[{"count":6,"href":"https:\/\/urpspharma.re\/index.php?rest_route=\/wp\/v2\/posts\/7315\/revisions"}],"predecessor-version":[{"id":7327,"href":"https:\/\/urpspharma.re\/index.php?rest_route=\/wp\/v2\/posts\/7315\/revisions\/7327"}],"wp:featuredmedia":[{"embeddable":true,"href":"https:\/\/urpspharma.re\/index.php?rest_route=\/wp\/v2\/media\/7319"}],"wp:attachment":[{"href":"https:\/\/urpspharma.re\/index.php?rest_route=%2Fwp%2Fv2%2Fmedia&parent=7315"}],"wp:term":[{"taxonomy":"category","embeddable":true,"href":"https:\/\/urpspharma.re\/index.php?rest_route=%2Fwp%2Fv2%2Fcategories&post=7315"},{"taxonomy":"post_tag","embeddable":true,"href":"https:\/\/urpspharma.re\/index.php?rest_route=%2Fwp%2Fv2%2Ftags&post=7315"}],"curies":[{"name":"wp","href":"https:\/\/api.w.org\/{rel}","templated":true}]}}