{"id":7350,"date":"2026-03-23T10:21:36","date_gmt":"2026-03-23T06:21:36","guid":{"rendered":"https:\/\/urpspharma.re\/?p=7350"},"modified":"2026-04-16T10:49:22","modified_gmt":"2026-04-16T06:49:22","slug":"cta-soiree-interprofessionnelle","status":"publish","type":"post","link":"https:\/\/urpspharma.re\/?p=7350","title":{"rendered":"CTA \u2022 soir\u00e9e interprofessionnelle"},"content":{"rendered":"\n<h3 class=\"wp-block-heading has-text-align-center has-very-light-gray-to-cyan-bluish-gray-gradient-background has-background\">Mardi 21 avril 2026<\/h3>\n\n\n\n<h2 class=\"wp-block-heading has-text-align-center\">TDAH \/ Addictions et Sant\u00e9 mentale : Vers une coop\u00e9ration renforc\u00e9e \u00e0 La R\u00e9union<\/h2>\n\n\n\n<p><strong>Soir\u00e9e d\u00e9di\u00e9e au\u00a0TDAH<\/strong>, qui se tiendra\u00a0<strong>le mardi 21 avril \u00e0 partir de 18h30<\/strong>, \u00e0 l\u2019<strong>Espace Ressources Payank\u00e9 \u2013 Saint\u2011Paul<\/strong>.<\/p>\n\n\n\n<p>Cette soir\u00e9e est organis\u00e9e \u00e0 l\u2019initiative de la&nbsp;<strong>Communaut\u00e9 Territoriale d\u2019Addictologie 974<\/strong>, en collaboration avec la&nbsp;<strong>Communaut\u00e9 Territoriale de Sant\u00e9 Mentale<\/strong>, sous la pr\u00e9sidence du&nbsp;<strong>Dr David M\u00e9t\u00e9<\/strong>&nbsp;et de&nbsp;<strong>Monsieur Patrick Goyon<\/strong>, avec le&nbsp;<strong>soutien logistique et op\u00e9rationnel du CHU de La R\u00e9union et de l\u2019EPSMR<\/strong>.<\/p>\n\n\n\n<p><strong>Le\u00a0TDAH<\/strong>, au carrefour de l\u2019addictologie et de la sant\u00e9 mentale, nous invite \u00e0 renforcer\u00a0<strong>la coop\u00e9ration entre l\u2019ensemble des acteurs de l\u2019\u00eele<\/strong>.<br>Cette rencontre sera l\u2019occasion d\u2019\u00e9changes autour de cette th\u00e9matique, dans un format original et accessible.<\/p>\n\n\n\n<p><strong>Il s\u2019agit d\u2019une premi\u00e8re<\/strong>&nbsp;:<\/p>\n\n\n\n<ul>\n<li>premi\u00e8re&nbsp;<strong>soir\u00e9e de formation CTA-974,<\/strong><\/li>\n\n\n\n<li>destin\u00e9e aux&nbsp;<strong>professionnels hospitaliers, lib\u00e9raux et associatifs<\/strong>,<\/li>\n\n\n\n<li>\u0153uvrant dans les champs des&nbsp;<strong>addictions et de la sant\u00e9 mentale<\/strong>,<\/li>\n\n\n\n<li>et surtout&nbsp;<strong>premi\u00e8re \u00e9tape d\u2019une coop\u00e9ration renforc\u00e9e entre addictologie et psychiatrie<\/strong>, appel\u00e9e \u00e0 se d\u00e9velopper dans les mois \u00e0 venir<\/li>\n<\/ul>\n\n\n\n<div class=\"wp-block-buttons is-layout-flex wp-block-buttons-is-layout-flex\">\n<div class=\"wp-block-button has-custom-width wp-block-button__width-100 has-custom-font-size is-style-outline\" style=\"font-size:20px\"><a class=\"wp-block-button__link wp-element-button\" href=\"https:\/\/docs.google.com\/forms\/d\/e\/1FAIpQLScwGJyMXrDOYwgo_WLZAn_S7pvhNBK2uLy3bXxb7qD8ZQnk0w\/viewform\" style=\"border-radius:26px\" target=\"_blank\" rel=\"noreferrer noopener\"><mark style=\"background-color:rgba(0, 0, 0, 0);color:#b3378e\" class=\"has-inline-color\">\u25ba\u00a0Cliquez ICI pour l&#8217;INSCRIPTION<\/mark><\/a><\/div>\n<\/div>\n\n\n\n<div class=\"wp-block-columns is-layout-flex wp-container-core-columns-layout-1 wp-block-columns-is-layout-flex\">\n<div class=\"wp-block-column is-layout-flow wp-block-column-is-layout-flow\" style=\"flex-basis:100%\">\n<figure class=\"wp-block-gallery alignwide has-nested-images columns-default is-cropped wp-block-gallery-1 is-layout-flex wp-block-gallery-is-layout-flex\">\n<figure class=\"wp-block-image size-full\"><img loading=\"lazy\" decoding=\"async\" width=\"388\" height=\"563\" src=\"https:\/\/urpspharma.re\/wp-content\/uploads\/2026\/04\/Soiree-TDAH-2.png\" alt=\"\" class=\"wp-image-7356\" srcset=\"https:\/\/urpspharma.re\/wp-content\/uploads\/2026\/04\/Soiree-TDAH-2.png 388w, https:\/\/urpspharma.re\/wp-content\/uploads\/2026\/04\/Soiree-TDAH-2-207x300.png 207w\" sizes=\"(max-width: 388px) 100vw, 388px\" \/><\/figure>\n\n\n\n<figure class=\"wp-block-image size-full\"><img loading=\"lazy\" decoding=\"async\" width=\"383\" height=\"554\" src=\"https:\/\/urpspharma.re\/wp-content\/uploads\/2026\/04\/Programme-TDAH-1.png\" alt=\"\" class=\"wp-image-7357\" srcset=\"https:\/\/urpspharma.re\/wp-content\/uploads\/2026\/04\/Programme-TDAH-1.png 383w, https:\/\/urpspharma.re\/wp-content\/uploads\/2026\/04\/Programme-TDAH-1-207x300.png 207w\" sizes=\"(max-width: 383px) 100vw, 383px\" \/><\/figure>\n<\/figure>\n<\/div>\n<\/div>\n\n\n\n<p><\/p>\n","protected":false},"excerpt":{"rendered":"<p>Mardi 21 avril 2026 TDAH \/ Addictions et Sant\u00e9 mentale : Vers une coop\u00e9ration renforc\u00e9e \u00e0 La R\u00e9union Soir\u00e9e d\u00e9di\u00e9e au\u00a0TDAH, qui se tiendra\u00a0le mardi 21 avril \u00e0 partir de 18h30, \u00e0 l\u2019Espace Ressources Payank\u00e9 \u2013 Saint\u2011Paul. Cette soir\u00e9e est organis\u00e9e \u00e0 l\u2019initiative de la&nbsp;Communaut\u00e9 Territoriale d\u2019Addictologie 974, en collaboration avec la&nbsp;Communaut\u00e9 Territoriale de Sant\u00e9&hellip;<\/p>\n","protected":false},"author":3,"featured_media":7356,"comment_status":"open","ping_status":"open","sticky":false,"template":"","format":"standard","meta":{"footnotes":""},"categories":[182,262],"tags":[881,880,879,239],"amp_enabled":true,"_links":{"self":[{"href":"https:\/\/urpspharma.re\/index.php?rest_route=\/wp\/v2\/posts\/7350"}],"collection":[{"href":"https:\/\/urpspharma.re\/index.php?rest_route=\/wp\/v2\/posts"}],"about":[{"href":"https:\/\/urpspharma.re\/index.php?rest_route=\/wp\/v2\/types\/post"}],"author":[{"embeddable":true,"href":"https:\/\/urpspharma.re\/index.php?rest_route=\/wp\/v2\/users\/3"}],"replies":[{"embeddable":true,"href":"https:\/\/urpspharma.re\/index.php?rest_route=%2Fwp%2Fv2%2Fcomments&post=7350"}],"version-history":[{"count":4,"href":"https:\/\/urpspharma.re\/index.php?rest_route=\/wp\/v2\/posts\/7350\/revisions"}],"predecessor-version":[{"id":7362,"href":"https:\/\/urpspharma.re\/index.php?rest_route=\/wp\/v2\/posts\/7350\/revisions\/7362"}],"wp:featuredmedia":[{"embeddable":true,"href":"https:\/\/urpspharma.re\/index.php?rest_route=\/wp\/v2\/media\/7356"}],"wp:attachment":[{"href":"https:\/\/urpspharma.re\/index.php?rest_route=%2Fwp%2Fv2%2Fmedia&parent=7350"}],"wp:term":[{"taxonomy":"category","embeddable":true,"href":"https:\/\/urpspharma.re\/index.php?rest_route=%2Fwp%2Fv2%2Fcategories&post=7350"},{"taxonomy":"post_tag","embeddable":true,"href":"https:\/\/urpspharma.re\/index.php?rest_route=%2Fwp%2Fv2%2Ftags&post=7350"}],"curies":[{"name":"wp","href":"https:\/\/api.w.org\/{rel}","templated":true}]}}