{"id":7363,"date":"2026-03-18T10:58:36","date_gmt":"2026-03-18T06:58:36","guid":{"rendered":"https:\/\/urpspharma.re\/?p=7363"},"modified":"2026-04-16T10:59:09","modified_gmt":"2026-04-16T06:59:09","slug":"cpts-est-reunion-soiree-de-formation","status":"publish","type":"post","link":"https:\/\/urpspharma.re\/?p=7363","title":{"rendered":"CPTS Est R\u00e9union \u2022 soir\u00e9e de formation"},"content":{"rendered":"\n<h3 class=\"wp-block-heading has-text-align-center has-very-light-gray-to-cyan-bluish-gray-gradient-background has-background\">Mercredi 25 mars 2026<\/h3>\n\n\n\n<h2 class=\"wp-block-heading has-text-align-center\">Prise en charge des plaies du pied diab\u00e9tique<\/h2>\n\n\n\n<p>La CPTS EST, en partenariat avec l&#8217;AFIS,\u00a0a le plaisir de vous inviter \u00e0 une soir\u00e9e de formation et d&#8217;\u00e9changes de pratiques consacr\u00e9es\u00a0\u00e0 la prise en charge des\u00a0<strong>plaies diab\u00e9tiques<\/strong>, pour les professionnels de sant\u00e9 lib\u00e9raux de l&#8217;Est le\u00a0:<\/p>\n\n\n\n<p><strong>Mercredi 25 mars 2026 &#8211; 19H00 \u00e0 21H00\u00a0<\/strong> <strong>Adresse : CPTS EST &#8211; 500 Chemin Lefaguyes 97440 Saint-Andr\u00e9<\/strong><\/p>\n\n\n\n<p>L&#8217;objectif est de r\u00e9unir les professionnels de sant\u00e9 du territoire Est afin d&#8217;\u00e9changer et de se former autour de cette th\u00e9matique.<\/p>\n\n\n\n<p><strong>Intervenants :<\/strong><\/p>\n\n\n\n<ul>\n<li>Dr APPAVOUPOULLE Vincent,\u00a0 Endocrinologue<\/li>\n\n\n\n<li>Mme SINIVASSIN Kamala,\u00a0 Podologue<\/li>\n<\/ul>\n\n\n\n<p><strong>Les objectifs de cette soir\u00e9e :<\/strong><\/p>\n\n\n\n<ul>\n<li>Comprendre les m\u00e9canismes de la cicatrisation et la physiopathologie des plaies<\/li>\n\n\n\n<li>\u00c9valuer le risque podologique chez un patient diab\u00e9tique<\/li>\n\n\n\n<li>Grader une plaie selon un r\u00e9f\u00e9rentiel commun valid\u00e9<\/li>\n\n\n\n<li>Identifier les situations n\u00e9cessitant un avis sp\u00e9cialis\u00e9 et les d\u00e9lais d\u2019orientation<\/li>\n\n\n\n<li>Conna\u00eetre les diff\u00e9rentes classes de pansements et leurs indications<\/li>\n\n\n\n<li>Renforcer la coordination interprofessionnelle dans la prise en charge des plaies<\/li>\n<\/ul>\n\n\n\n<div class=\"wp-block-media-text alignwide has-media-on-the-right is-stacked-on-mobile is-vertically-aligned-top has-fl-topbar-bg-color-background-color has-background\" style=\"grid-template-columns:auto 34%\"><div class=\"wp-block-media-text__content\">\n<p>Pour les adh\u00e9rents de la CPTS EST,&nbsp; l&#8217;entr\u00e9e est prise en charge.<\/p>\n\n\n\n<p>Pour les non adh\u00e9rents, le tarif est de 20\u20ac par personne (possibilit\u00e9 d&#8217;adh\u00e9sion sur place).<\/p>\n\n\n\n<p>Cette soir\u00e9e est&nbsp;destin\u00e9e aux professionnels de sant\u00e9 lib\u00e9raux de l\u2019Est sur r\u00e9servation&nbsp;via le lien suivant :<\/p>\n\n\n\n<p><strong>L\u2019accueil d\u00e9butera \u00e0 19h et un cocktail dinatoire sera mis \u00e0 votre disposition. La formation commencera \u00e0 19h30.<\/strong><\/p>\n\n\n\n<div class=\"wp-block-buttons is-layout-flex wp-block-buttons-is-layout-flex\">\n<div class=\"wp-block-button has-custom-width wp-block-button__width-100 has-custom-font-size is-style-outline\" style=\"font-size:20px\"><a class=\"wp-block-button__link wp-element-button\" href=\"https:\/\/docs.google.com\/forms\/d\/e\/1FAIpQLSfwwZShrrImXuq_toHX9K41n3GUuvqBKaGYMFkjpTaRHEccog\/closedform\" style=\"border-radius:26px\" target=\"_blank\" rel=\"noreferrer noopener\"><mark style=\"background-color:rgba(0, 0, 0, 0);color:#b3378e\" class=\"has-inline-color\">\u25ba\u00a0Cliquez ICI pour l&#8217;INSCRIPTION<\/mark><\/a><\/div>\n<\/div>\n\n\n\n<p>Pour tout renseignements n\u2019h\u00e9sitez pas \u00e0 contacter la coordinatrice de la CPTS Est:<\/p>\n\n\n\n<p>Alexandra TODOROVIC par mail&nbsp;(<a href=\"mailto:cpts.est@gmail.com\" target=\"_blank\" rel=\"noreferrer noopener\">cpts.est@gmail.com<\/a>)&nbsp;ou par t\u00e9l\u00e9phone 06 93 88 00 69<\/p>\n<\/div><figure class=\"wp-block-media-text__media\"><img loading=\"lazy\" decoding=\"async\" width=\"1024\" height=\"858\" src=\"https:\/\/urpspharma.re\/wp-content\/uploads\/2026\/04\/soiree-formation-25032026-1024x858.jpeg\" alt=\"\" class=\"wp-image-7364 size-full\" srcset=\"https:\/\/urpspharma.re\/wp-content\/uploads\/2026\/04\/soiree-formation-25032026-1024x858.jpeg 1024w, https:\/\/urpspharma.re\/wp-content\/uploads\/2026\/04\/soiree-formation-25032026-300x251.jpeg 300w, https:\/\/urpspharma.re\/wp-content\/uploads\/2026\/04\/soiree-formation-25032026-768x644.jpeg 768w, https:\/\/urpspharma.re\/wp-content\/uploads\/2026\/04\/soiree-formation-25032026.jpeg 1280w\" sizes=\"(max-width: 1024px) 100vw, 1024px\" \/><\/figure><\/div>\n\n\n\n<p><\/p>\n","protected":false},"excerpt":{"rendered":"<p>Mercredi 25 mars 2026 Prise en charge des plaies du pied diab\u00e9tique La CPTS EST, en partenariat avec l&#8217;AFIS,\u00a0a le plaisir de vous inviter \u00e0 une soir\u00e9e de formation et d&#8217;\u00e9changes de pratiques consacr\u00e9es\u00a0\u00e0 la prise en charge des\u00a0plaies diab\u00e9tiques, pour les professionnels de sant\u00e9 lib\u00e9raux de l&#8217;Est le\u00a0: Mercredi 25 mars 2026 &#8211; 19H00&hellip;<\/p>\n","protected":false},"author":3,"featured_media":7364,"comment_status":"open","ping_status":"open","sticky":false,"template":"","format":"standard","meta":{"footnotes":""},"categories":[452,182,262,261],"tags":[607,239],"amp_enabled":true,"_links":{"self":[{"href":"https:\/\/urpspharma.re\/index.php?rest_route=\/wp\/v2\/posts\/7363"}],"collection":[{"href":"https:\/\/urpspharma.re\/index.php?rest_route=\/wp\/v2\/posts"}],"about":[{"href":"https:\/\/urpspharma.re\/index.php?rest_route=\/wp\/v2\/types\/post"}],"author":[{"embeddable":true,"href":"https:\/\/urpspharma.re\/index.php?rest_route=\/wp\/v2\/users\/3"}],"replies":[{"embeddable":true,"href":"https:\/\/urpspharma.re\/index.php?rest_route=%2Fwp%2Fv2%2Fcomments&post=7363"}],"version-history":[{"count":2,"href":"https:\/\/urpspharma.re\/index.php?rest_route=\/wp\/v2\/posts\/7363\/revisions"}],"predecessor-version":[{"id":7366,"href":"https:\/\/urpspharma.re\/index.php?rest_route=\/wp\/v2\/posts\/7363\/revisions\/7366"}],"wp:featuredmedia":[{"embeddable":true,"href":"https:\/\/urpspharma.re\/index.php?rest_route=\/wp\/v2\/media\/7364"}],"wp:attachment":[{"href":"https:\/\/urpspharma.re\/index.php?rest_route=%2Fwp%2Fv2%2Fmedia&parent=7363"}],"wp:term":[{"taxonomy":"category","embeddable":true,"href":"https:\/\/urpspharma.re\/index.php?rest_route=%2Fwp%2Fv2%2Fcategories&post=7363"},{"taxonomy":"post_tag","embeddable":true,"href":"https:\/\/urpspharma.re\/index.php?rest_route=%2Fwp%2Fv2%2Ftags&post=7363"}],"curies":[{"name":"wp","href":"https:\/\/api.w.org\/{rel}","templated":true}]}}