{"id":817,"date":"2017-03-06T11:10:18","date_gmt":"2017-03-06T07:10:18","guid":{"rendered":"http:\/\/urpspharma.re\/?p=817"},"modified":"2018-03-10T10:13:14","modified_gmt":"2018-03-10T06:13:14","slug":"signature-de-la-charte-romain-jacob","status":"publish","type":"post","link":"https:\/\/urpspharma.re\/?p=817","title":{"rendered":"Signature de la Charte Romain JACOB"},"content":{"rendered":"<h3 style=\"text-align: center;\">Pour l&#8217;acc\u00e8s \u00e0 la sant\u00e9 des personnes handicap\u00e9es \u00e0 La R\u00e9union<\/h3>\n<p>Cette charte a pour but de f\u00e9d\u00e9rer l\u2019ensemble des acteurs r\u00e9gionaux et nationaux autour de l\u2019am\u00e9lioration de l\u2019acc\u00e8s aux soins et \u00e0 la sant\u00e9 des personnes handicap\u00e9es.<\/p>\n<p>La probl\u00e9matique de l\u2019acc\u00e8s aux soins et la pr\u00e9vention des personnes handicap\u00e9es a \u00e9t\u00e9 identifi\u00e9e par l\u2019ensemble des acteurs locaux \u00e0 La R\u00e9union lors des travaux d\u2019\u00e9laboration du Projet R\u00e9gional de Sant\u00e9 2012-2016.<\/p>\n<p>Le 16 juin 2014 les acteurs locaux ont d\u00e9cid\u00e9 de t\u00e9moign\u00e9 leur engagement en signant la Chartre r\u00e9gionale\u00a0marquant ainsi l\u2019engagement partag\u00e9 des acteurs de la sant\u00e9 aux c\u00f4t\u00e9s des associations de personnes handicap\u00e9es, \u00e0 travailler ensemble.<\/p>\n<p>Par la suite, la charte nationale a \u00e9t\u00e9 sign\u00e9e par l\u2019ensemble des r\u00e9gions de France, par la Ministre de la Sant\u00e9 et par le Pr\u00e9sident de la R\u00e9publique le 19 mai 2016.<\/p>\n<p>Le<strong> 18 f\u00e9vrier 2017<\/strong>, l&#8217;URPS Pharmaciens \u00a0est devenue adh\u00e9rente lors\u00a0de la nouvelle s\u00e9ance de signature organis\u00e9e \u00e0 la NORDEV . Ainsi, votre URPS s&#8217;engage \u00e0 participer et \u00e0 faciliter l\u2019acc\u00e8s \u00e0 la sant\u00e9 des personnes concern\u00e9es par le handicap.<\/p>\n<p>Cette Chartre comporte 10 articles :<\/p>\n<ul>\n<li>Exprimer les besoins<\/li>\n<li>Organiser l&#8217;acc\u00e8s aux soins et \u00e0 la pr\u00e9vention<\/li>\n<li>Valoriser l&#8217;accompagnement<\/li>\n<li>Faciliter et d\u00e9velopper l&#8217;acc\u00e8s aux soins ambulatoires<\/li>\n<li>Pr\u00e9venir et adapter l&#8217;hospitalisation<\/li>\n<li>Am\u00e9liorer le recours aux urgences<\/li>\n<li>Int\u00e9grer la sant\u00e9 au parcours de vie des personnes handicap\u00e9es<\/li>\n<li>Faciliter le recours aux Technologies de l&#8217;Information et de la Communication<\/li>\n<li>Construire une culture professionnelle commune<\/li>\n<li>Mettre en oeuvre et \u00e9valuer la pr\u00e9sente Chartre<\/li>\n<\/ul>\n<p>Chartre Romain JACOB en cliquant ci-dessous<\/p>\n<p>&nbsp;<\/p>\n<p><strong>[maxbutton id=&#8221;47&#8243;]<\/strong><\/p>\n","protected":false},"excerpt":{"rendered":"<p>Pour l&#8217;acc\u00e8s \u00e0 la sant\u00e9 des personnes handicap\u00e9es \u00e0 La R\u00e9union Cette charte a pour but de f\u00e9d\u00e9rer l\u2019ensemble des acteurs r\u00e9gionaux et nationaux autour de l\u2019am\u00e9lioration de l\u2019acc\u00e8s aux soins et \u00e0 la sant\u00e9 des personnes handicap\u00e9es. La probl\u00e9matique de l\u2019acc\u00e8s aux soins et la pr\u00e9vention des personnes handicap\u00e9es a \u00e9t\u00e9 identifi\u00e9e par l\u2019ensemble&hellip;<\/p>\n","protected":false},"author":3,"featured_media":1010,"comment_status":"open","ping_status":"open","sticky":false,"template":"","format":"standard","meta":{"footnotes":""},"categories":[182,183],"tags":[160,156,154,155,158,157,159],"amp_enabled":true,"_links":{"self":[{"href":"https:\/\/urpspharma.re\/index.php?rest_route=\/wp\/v2\/posts\/817"}],"collection":[{"href":"https:\/\/urpspharma.re\/index.php?rest_route=\/wp\/v2\/posts"}],"about":[{"href":"https:\/\/urpspharma.re\/index.php?rest_route=\/wp\/v2\/types\/post"}],"author":[{"embeddable":true,"href":"https:\/\/urpspharma.re\/index.php?rest_route=\/wp\/v2\/users\/3"}],"replies":[{"embeddable":true,"href":"https:\/\/urpspharma.re\/index.php?rest_route=%2Fwp%2Fv2%2Fcomments&post=817"}],"version-history":[{"count":6,"href":"https:\/\/urpspharma.re\/index.php?rest_route=\/wp\/v2\/posts\/817\/revisions"}],"predecessor-version":[{"id":1007,"href":"https:\/\/urpspharma.re\/index.php?rest_route=\/wp\/v2\/posts\/817\/revisions\/1007"}],"wp:featuredmedia":[{"embeddable":true,"href":"https:\/\/urpspharma.re\/index.php?rest_route=\/wp\/v2\/media\/1010"}],"wp:attachment":[{"href":"https:\/\/urpspharma.re\/index.php?rest_route=%2Fwp%2Fv2%2Fmedia&parent=817"}],"wp:term":[{"taxonomy":"category","embeddable":true,"href":"https:\/\/urpspharma.re\/index.php?rest_route=%2Fwp%2Fv2%2Fcategories&post=817"},{"taxonomy":"post_tag","embeddable":true,"href":"https:\/\/urpspharma.re\/index.php?rest_route=%2Fwp%2Fv2%2Ftags&post=817"}],"curies":[{"name":"wp","href":"https:\/\/api.w.org\/{rel}","templated":true}]}}